{"id":60739,"date":"2026-09-02T12:31:43","date_gmt":"2026-09-02T15:31:43","guid":{"rendered":"https:\/\/lt15concordia.com.ar\/?p=60739"},"modified":"2026-09-02T12:31:53","modified_gmt":"2026-09-02T15:31:53","slug":"oser-amplio-cobertura-para-hijos-estudiantes-hasta-los-27-anos","status":"publish","type":"post","link":"https:\/\/lt15concordia.com.ar\/index.php\/2026\/09\/02\/oser-amplio-cobertura-para-hijos-estudiantes-hasta-los-27-anos\/","title":{"rendered":"OSER ampli\u00f3 cobertura para hijos estudiantes hasta los 27 a\u00f1os"},"content":{"rendered":"<p>Una buena noticia para las familias entrerrianas que tienen hijos cursando estudios superiores: <strong>OSER ampli\u00f3 su cobertura para hijos estudiantes hasta los 27 a\u00f1os<\/strong>, una medida que extiende el paraguas sanitario a j\u00f3venes que antes quedaban fuera del sistema al cumplir la mayor\u00eda de edad o al poco tiempo de ella.<\/p>\n<p><strong>Ricardo Garc\u00eda<\/strong>, referente de la obra social, fue el encargado de detallar los alcances de la medida. Seg\u00fan explic\u00f3, para acceder a esta cobertura extendida los hijos deben acreditar su condici\u00f3n de <strong>estudiantes activos<\/strong>, presentando la documentaci\u00f3n que certifique la continuidad en el sistema educativo formal. El tr\u00e1mite de reafiliaci\u00f3n, en caso de que el beneficiario haya quedado fuera del padr\u00f3n, tambi\u00e9n fue contemplado en el esquema que present\u00f3 Garc\u00eda.<\/p>\n<p>El punto que m\u00e1s inquieta a las familias es qu\u00e9 pasa cuando el joven llega a los <strong>27 a\u00f1os y ya no puede continuar como beneficiario directo<\/strong>. La obra social tiene prevista una alternativa para ese momento, aunque los detalles del mecanismo de continuidad dependen de la situaci\u00f3n laboral y personal de cada afiliado al momento del corte. Garc\u00eda subray\u00f3 que el objetivo es que nadie quede sin cobertura de un d\u00eda para el otro, y que existe un camino para seguir dentro del sistema.<\/p>\n<p>Otro aspecto que Garc\u00eda destac\u00f3 fueron los <strong>cambios en la cobertura de psicolog\u00eda<\/strong>, un \u00e1rea que en los \u00faltimos a\u00f1os gan\u00f3 demanda sostenida, especialmente entre la poblaci\u00f3n joven. Si bien no se especificaron los detalles exactos de las modificaciones, el anuncio apunta a una actualizaci\u00f3n de las prestaciones en salud mental, un rubro hist\u00f3ricamente subatendido en las obras sociales provinciales.<\/p>\n<p>Para las familias que tengan hijos en esa franja etaria y quieran verificar si aplican a la cobertura ampliada, lo recomendable es acercarse directamente a las oficinas de <strong>OSER<\/strong> o consultar por los canales oficiales de la entidad, llevando la documentaci\u00f3n que acredite la condici\u00f3n de estudiante activo. La medida entra en un contexto donde cada vez m\u00e1s j\u00f3venes extienden sus trayectos educativos, y contar con cobertura de salud durante ese per\u00edodo marca una diferencia concreta en la vida cotidiana.<\/p>\n<p><script type=\"application\/ld+json\">{\"@context\": \"https:\/\/schema.org\", \"@type\": \"NewsArticle\", \"headline\": \"OSER ampli\u00f3 cobertura para hijos estudiantes hasta los 27 a\u00f1os\", \"description\": \"La obra social ampli\u00f3 el l\u00edmite de edad para hijos estudiantes. Ricardo Garc\u00eda explic\u00f3 requisitos, c\u00f3mo reafiliarse y qu\u00e9 opciones hay despu\u00e9s de los 27.\", \"datePublished\": \"2026-09-02T12:31:53-03:00\", \"dateModified\": \"2026-09-02T12:31:53-03:00\", \"inLanguage\": \"es-AR\", \"articleSection\": \"salud\", \"author\": {\"@type\": \"Organization\", \"name\": \"Redaccion LT15 Concordia\", \"url\": \"https:\/\/lt15concordia.com.ar\"}, \"publisher\": {\"@type\": \"Organization\", \"name\": \"LT15 Concordia\"}, \"mainEntityOfPage\": {\"@type\": \"WebPage\", \"@id\": \"https:\/\/lt15concordia.com.ar\/index.php\/2026\/09\/02\/oser-amplio-cobertura-para-hijos-estudiantes-hasta-los-27-anos\/\"}, \"image\": [\"https:\/\/elonce-media.elonce.com\/fotos\/2026\/09\/02\/m_1788362202_52660.webp\"]}<\/script><\/p>\n","protected":false},"excerpt":{"rendered":"<p>La obra social ampli\u00f3 el l\u00edmite de edad para hijos estudiantes. Ricardo Garc\u00eda explic\u00f3 requisitos, c\u00f3mo reafiliarse y qu\u00e9 opciones hay despu\u00e9s de los 27.<\/p>\n","protected":false},"author":5,"featured_media":60738,"comment_status":"closed","ping_status":"closed","sticky":false,"template":"","format":"standard","meta":{"footnotes":""},"categories":[37],"tags":[2249,63,2638,3633,2306,87],"_links":{"self":[{"href":"https:\/\/lt15concordia.com.ar\/index.php\/wp-json\/wp\/v2\/posts\/60739"}],"collection":[{"href":"https:\/\/lt15concordia.com.ar\/index.php\/wp-json\/wp\/v2\/posts"}],"about":[{"href":"https:\/\/lt15concordia.com.ar\/index.php\/wp-json\/wp\/v2\/types\/post"}],"author":[{"embeddable":true,"href":"https:\/\/lt15concordia.com.ar\/index.php\/wp-json\/wp\/v2\/users\/5"}],"replies":[{"embeddable":true,"href":"https:\/\/lt15concordia.com.ar\/index.php\/wp-json\/wp\/v2\/comments?post=60739"}],"version-history":[{"count":2,"href":"https:\/\/lt15concordia.com.ar\/index.php\/wp-json\/wp\/v2\/posts\/60739\/revisions"}],"predecessor-version":[{"id":60741,"href":"https:\/\/lt15concordia.com.ar\/index.php\/wp-json\/wp\/v2\/posts\/60739\/revisions\/60741"}],"wp:featuredmedia":[{"embeddable":true,"href":"https:\/\/lt15concordia.com.ar\/index.php\/wp-json\/wp\/v2\/media\/60738"}],"wp:attachment":[{"href":"https:\/\/lt15concordia.com.ar\/index.php\/wp-json\/wp\/v2\/media?parent=60739"}],"wp:term":[{"taxonomy":"category","embeddable":true,"href":"https:\/\/lt15concordia.com.ar\/index.php\/wp-json\/wp\/v2\/categories?post=60739"},{"taxonomy":"post_tag","embeddable":true,"href":"https:\/\/lt15concordia.com.ar\/index.php\/wp-json\/wp\/v2\/tags?post=60739"}],"curies":[{"name":"wp","href":"https:\/\/api.w.org\/{rel}","templated":true}]}}