{"id":60731,"date":"2026-09-02T11:35:05","date_gmt":"2026-09-02T14:35:05","guid":{"rendered":"https:\/\/lt15concordia.com.ar\/?p=60731"},"modified":"2026-09-02T11:35:16","modified_gmt":"2026-09-02T14:35:16","slug":"viale-suma-ambulancia-nueva-parte-de-las-50-que-renueva-la-provincia","status":"publish","type":"post","link":"https:\/\/lt15concordia.com.ar\/index.php\/2026\/09\/02\/viale-suma-ambulancia-nueva-parte-de-las-50-que-renueva-la-provincia\/","title":{"rendered":"Viale suma ambulancia nueva: parte de las 50 que renueva la Provincia"},"content":{"rendered":"<p>Una ambulancia <strong>cero kil\u00f3metro<\/strong> lleg\u00f3 a <strong>Viale<\/strong> y fue destinada al <strong>hospital Dr. Castilla Mira<\/strong>. No es un gesto aislado: el veh\u00edculo forma parte de un lote de <strong>50 ambulancias<\/strong> que la Provincia de <strong>Entre R\u00edos<\/strong> adquiri\u00f3 para actualizar el parque automotor del sistema de Salud.<\/p>\n<p>La unidad reemplaza una ambulancia que ya hab\u00eda <strong>cumplido su vida \u00fatil<\/strong>, una situaci\u00f3n que en los hospitales del interior se vuelve cr\u00edtica cuando no hay reposici\u00f3n a tiempo. Cada kil\u00f3metro de m\u00e1s sobre una unidad agotada es un riesgo concreto para quien necesita ser trasladado de urgencia.<\/p>\n<p>El gobernador <strong>Rogelio Frigerio<\/strong> destac\u00f3 la renovaci\u00f3n como parte de una pol\u00edtica de fortalecimiento del sistema sanitario provincial. La incorporaci\u00f3n de veh\u00edculos nuevos apunta a mejorar la capacidad de respuesta en localidades que dependen de un \u00fanico centro de salud para cubrir emergencias en toda su \u00e1rea de influencia.<\/p>\n<p>Con <strong>50 unidades distribuidas<\/strong> en distintos puntos de la provincia, la renovaci\u00f3n del parque automotor sanitario es una de las inversiones m\u00e1s concretas y visibles en materia de salud p\u00fablica: sin transporte adecuado, el resto del sistema pierde eficacia. Viale es una de las localidades que ya tiene su nueva herramienta lista para trabajar.<\/p>\n<p><script type=\"application\/ld+json\">{\"@context\": \"https:\/\/schema.org\", \"@type\": \"NewsArticle\", \"headline\": \"Viale suma ambulancia nueva: parte de las 50 que renueva la Provincia\", \"description\": \"El hospital Dr. Castilla Mira recibi\u00f3 un veh\u00edculo cero kil\u00f3metro que reemplaza una unidad fuera de servicio, dentro de un plan provincial de 50 ambulancias.\", \"datePublished\": \"2026-09-02T11:35:16-03:00\", \"dateModified\": \"2026-09-02T11:35:16-03:00\", \"inLanguage\": \"es-AR\", \"articleSection\": \"salud\", \"author\": {\"@type\": \"Organization\", \"name\": \"Redaccion LT15 Concordia\", \"url\": \"https:\/\/lt15concordia.com.ar\"}, \"publisher\": {\"@type\": \"Organization\", \"name\": \"LT15 Concordia\"}, \"mainEntityOfPage\": {\"@type\": \"WebPage\", \"@id\": \"https:\/\/lt15concordia.com.ar\/index.php\/2026\/09\/02\/viale-suma-ambulancia-nueva-parte-de-las-50-que-renueva-la-provincia\/\"}, \"image\": [\"https:\/\/elonce-media.elonce.com\/fotos\/2026\/09\/02\/m_1788358114_20339.webp\"]}<\/script><\/p>\n","protected":false},"excerpt":{"rendered":"<p>El hospital Dr. Castilla Mira recibi\u00f3 un veh\u00edculo cero kil\u00f3metro que reemplaza una unidad fuera de servicio, dentro de un plan provincial de 50 ambulancias.<\/p>\n","protected":false},"author":5,"featured_media":60730,"comment_status":"closed","ping_status":"closed","sticky":false,"template":"","format":"standard","meta":{"footnotes":""},"categories":[37],"tags":[3522,63,837,1196,87,408],"_links":{"self":[{"href":"https:\/\/lt15concordia.com.ar\/index.php\/wp-json\/wp\/v2\/posts\/60731"}],"collection":[{"href":"https:\/\/lt15concordia.com.ar\/index.php\/wp-json\/wp\/v2\/posts"}],"about":[{"href":"https:\/\/lt15concordia.com.ar\/index.php\/wp-json\/wp\/v2\/types\/post"}],"author":[{"embeddable":true,"href":"https:\/\/lt15concordia.com.ar\/index.php\/wp-json\/wp\/v2\/users\/5"}],"replies":[{"embeddable":true,"href":"https:\/\/lt15concordia.com.ar\/index.php\/wp-json\/wp\/v2\/comments?post=60731"}],"version-history":[{"count":2,"href":"https:\/\/lt15concordia.com.ar\/index.php\/wp-json\/wp\/v2\/posts\/60731\/revisions"}],"predecessor-version":[{"id":60733,"href":"https:\/\/lt15concordia.com.ar\/index.php\/wp-json\/wp\/v2\/posts\/60731\/revisions\/60733"}],"wp:featuredmedia":[{"embeddable":true,"href":"https:\/\/lt15concordia.com.ar\/index.php\/wp-json\/wp\/v2\/media\/60730"}],"wp:attachment":[{"href":"https:\/\/lt15concordia.com.ar\/index.php\/wp-json\/wp\/v2\/media?parent=60731"}],"wp:term":[{"taxonomy":"category","embeddable":true,"href":"https:\/\/lt15concordia.com.ar\/index.php\/wp-json\/wp\/v2\/categories?post=60731"},{"taxonomy":"post_tag","embeddable":true,"href":"https:\/\/lt15concordia.com.ar\/index.php\/wp-json\/wp\/v2\/tags?post=60731"}],"curies":[{"name":"wp","href":"https:\/\/api.w.org\/{rel}","templated":true}]}}