{"id":60727,"date":"2026-09-02T11:33:59","date_gmt":"2026-09-02T14:33:59","guid":{"rendered":"https:\/\/lt15concordia.com.ar\/?p=60727"},"modified":"2026-09-02T11:34:09","modified_gmt":"2026-09-02T14:34:09","slug":"apyme-en-entre-rios-o-cambiamos-de-rumbo-o-desaparecemos","status":"publish","type":"post","link":"https:\/\/lt15concordia.com.ar\/index.php\/2026\/09\/02\/apyme-en-entre-rios-o-cambiamos-de-rumbo-o-desaparecemos\/","title":{"rendered":"APYME en Entre R\u00edos: &#8220;O cambiamos de rumbo o desaparecemos&#8221;"},"content":{"rendered":"<p>La frase no deja margen para la interpretaci\u00f3n: <strong>&#8220;O cambiamos de rumbo o desaparecemos&#8221;<\/strong>. As\u00ed de crudo fue el diagn\u00f3stico que <strong>APYME<\/strong> eligi\u00f3 para el <strong>D\u00eda de la Industria Nacional<\/strong>, una fecha que este a\u00f1o lleg\u00f3 cargada de se\u00f1ales de alarma para el sector productivo entrerriano.<\/p>\n<p><strong>Rafael Vicent\u00edn<\/strong>, referente de la entidad que agrupa a la peque\u00f1a y mediana empresa, traz\u00f3 un cuadro preocupante: <strong>cierres de empresas<\/strong>, ca\u00edda en la generaci\u00f3n de empleo y una capacidad instalada que trabaja muy por debajo de su potencial. No son n\u00fameros abstractos: son talleres que bajan la persiana, operarios que quedan en la calle y m\u00e1quinas que se apagan antes de tiempo.<\/p>\n<p>En ese contexto, <strong>APYME present\u00f3 diez propuestas<\/strong> concretas para modificar el rumbo econ\u00f3mico. La entidad no se limit\u00f3 al diagn\u00f3stico: sali\u00f3 con un programa de medidas que, seg\u00fan sus representantes, busca revertir el deterioro antes de que sea irreversible. El contenido espec\u00edfico de esas propuestas apunta a dar respuestas estructurales a una industria que, en <strong>Entre R\u00edos<\/strong>, viene absorbiendo golpe tras golpe.<\/p>\n<p>La pregunta que flota en el aire es si alguien en los niveles de decisi\u00f3n est\u00e1 escuchando. La industria provincial lleva meses enviando se\u00f1ales de auxilio: ca\u00edda del consumo interno, costos que no ceden, cr\u00e9dito inaccesible y una pol\u00edtica cambiaria que complica la competitividad. <strong>APYME<\/strong> eligi\u00f3 el d\u00eda m\u00e1s simb\u00f3lico del calendario industrial para poner esos n\u00fameros sobre la mesa y exigir respuestas.<\/p>\n<p>El mensaje de <strong>Vicent\u00edn<\/strong> y la organizaci\u00f3n que representa es claro: el tiempo de los diagn\u00f3sticos sin acci\u00f3n se agot\u00f3. La industria entrerriana necesita se\u00f1ales concretas, y las necesita ahora.<\/p>\n<p><script type=\"application\/ld+json\">{\"@context\": \"https:\/\/schema.org\", \"@type\": \"NewsArticle\", \"headline\": \"APYME en Entre R\u00edos: \\\"O cambiamos de rumbo o desaparecemos\\\"\", \"description\": \"En el D\u00eda de la Industria, APYME alert\u00f3 por cierres, p\u00e9rdida de empleo y baja capacidad instalada en Entre R\u00edos y present\u00f3 diez propuestas.\", \"datePublished\": \"2026-09-02T11:34:09-03:00\", \"dateModified\": \"2026-09-02T11:34:09-03:00\", \"inLanguage\": \"es-AR\", \"articleSection\": \"economia\", \"author\": {\"@type\": \"Organization\", \"name\": \"Redaccion LT15 Concordia\", \"url\": \"https:\/\/lt15concordia.com.ar\"}, \"publisher\": {\"@type\": \"Organization\", \"name\": \"LT15 Concordia\"}, \"mainEntityOfPage\": {\"@type\": \"WebPage\", \"@id\": \"https:\/\/lt15concordia.com.ar\/index.php\/2026\/09\/02\/apyme-en-entre-rios-o-cambiamos-de-rumbo-o-desaparecemos\/\"}, \"image\": [\"https:\/\/elonce-media.elonce.com\/fotos\/2026\/09\/02\/m_1788357526_63807.webp\"]}<\/script><\/p>\n","protected":false},"excerpt":{"rendered":"<p>En el D\u00eda de la Industria, APYME alert\u00f3 por cierres, p\u00e9rdida de empleo y baja capacidad instalada en Entre R\u00edos y present\u00f3 diez propuestas.<\/p>\n","protected":false},"author":5,"featured_media":60726,"comment_status":"closed","ping_status":"closed","sticky":false,"template":"","format":"standard","meta":{"footnotes":""},"categories":[37],"tags":[4696,43,65,63,609,554],"_links":{"self":[{"href":"https:\/\/lt15concordia.com.ar\/index.php\/wp-json\/wp\/v2\/posts\/60727"}],"collection":[{"href":"https:\/\/lt15concordia.com.ar\/index.php\/wp-json\/wp\/v2\/posts"}],"about":[{"href":"https:\/\/lt15concordia.com.ar\/index.php\/wp-json\/wp\/v2\/types\/post"}],"author":[{"embeddable":true,"href":"https:\/\/lt15concordia.com.ar\/index.php\/wp-json\/wp\/v2\/users\/5"}],"replies":[{"embeddable":true,"href":"https:\/\/lt15concordia.com.ar\/index.php\/wp-json\/wp\/v2\/comments?post=60727"}],"version-history":[{"count":2,"href":"https:\/\/lt15concordia.com.ar\/index.php\/wp-json\/wp\/v2\/posts\/60727\/revisions"}],"predecessor-version":[{"id":60729,"href":"https:\/\/lt15concordia.com.ar\/index.php\/wp-json\/wp\/v2\/posts\/60727\/revisions\/60729"}],"wp:featuredmedia":[{"embeddable":true,"href":"https:\/\/lt15concordia.com.ar\/index.php\/wp-json\/wp\/v2\/media\/60726"}],"wp:attachment":[{"href":"https:\/\/lt15concordia.com.ar\/index.php\/wp-json\/wp\/v2\/media?parent=60727"}],"wp:term":[{"taxonomy":"category","embeddable":true,"href":"https:\/\/lt15concordia.com.ar\/index.php\/wp-json\/wp\/v2\/categories?post=60727"},{"taxonomy":"post_tag","embeddable":true,"href":"https:\/\/lt15concordia.com.ar\/index.php\/wp-json\/wp\/v2\/tags?post=60727"}],"curies":[{"name":"wp","href":"https:\/\/api.w.org\/{rel}","templated":true}]}}