{"id":60723,"date":"2026-09-02T11:32:31","date_gmt":"2026-09-02T14:32:31","guid":{"rendered":"https:\/\/lt15concordia.com.ar\/?p=60723"},"modified":"2026-09-02T11:32:43","modified_gmt":"2026-09-02T14:32:43","slug":"se-encadenaron-frente-al-juzgado-laboral-de-concepcion-del-uruguay-por-despidos","status":"publish","type":"post","link":"https:\/\/lt15concordia.com.ar\/index.php\/2026\/09\/02\/se-encadenaron-frente-al-juzgado-laboral-de-concepcion-del-uruguay-por-despidos\/","title":{"rendered":"Se encadenaron frente al Juzgado Laboral de Concepci\u00f3n del Uruguay por despidos en Tres Arroyos"},"content":{"rendered":"<p>La desesperaci\u00f3n tiene una imagen concreta: trabajadores encadenados frente a un juzgado, bajo el sol, esperando que alguien los escuche. Eso fue lo que ocurri\u00f3 en <strong>Concepci\u00f3n del Uruguay<\/strong>, donde empleados de <strong>Granja Tres Arroyos<\/strong> tomaron una medida extrema para visibilizar una situaci\u00f3n que, seg\u00fan denuncian, ya no admite m\u00e1s demoras.<\/p>\n<p>Los trabajadores se encadenaron frente al <strong>Juzgado Laboral<\/strong> de esa ciudad para exigir el pago de <strong>salarios e indemnizaciones adeudadas<\/strong> y la <strong>reincorporaci\u00f3n de compa\u00f1eros despedidos<\/strong>. La protesta fue contundente en su mensaje y en su forma: no hubo gritos ni discursos largos, solo cuerpos atados a una reja como s\u00edmbolo de lo que sienten que les est\u00e1 pasando.<\/p>\n<p>&#8220;<strong>La necesidad no espera a la Justicia<\/strong>&#8220;, expresaron los propios trabajadores, una frase que resume con precisi\u00f3n quir\u00fargica el estado de situaci\u00f3n. Mientras los expedientes avanzan a ritmo judicial, las familias de esos empleados tienen que comer, pagar el alquiler y sostener la vida cotidiana. El tiempo procesal y el tiempo real no corren a la misma velocidad, y esa brecha es la que empuj\u00f3 a estos trabajadores a encadenarse.<\/p>\n<p>Granja Tres Arroyos es una de las empresas av\u00edcolas m\u00e1s grandes del pa\u00eds, con presencia en varias provincias. Que sus trabajadores lleguen a este nivel de protesta habla de una crisis interna que, al menos desde la perspectiva de los empleados, no est\u00e1 encontrando canales institucionales de resoluci\u00f3n suficientemente \u00e1giles.<\/p>\n<p>La medida de fuerza busca presionar tanto a la empresa como al sistema judicial para que se agilicen las respuestas. Los trabajadores permanecieron frente al juzgado aguardando alguna se\u00f1al concreta de avance en sus reclamos.<\/p>\n<p><script type=\"application\/ld+json\">{\"@context\": \"https:\/\/schema.org\", \"@type\": \"NewsArticle\", \"headline\": \"Se encadenaron frente al Juzgado Laboral de Concepci\u00f3n del Uruguay por despidos en Tres Arroyos\", \"description\": \"Trabajadores de Granja Tres Arroyos protestaron encadenados exigiendo salarios, indemnizaciones y reincorporaci\u00f3n de despedidos.\", \"datePublished\": \"2026-09-02T11:32:42-03:00\", \"dateModified\": \"2026-09-02T11:32:42-03:00\", \"inLanguage\": \"es-AR\", \"articleSection\": \"economia\", \"author\": {\"@type\": \"Organization\", \"name\": \"Redaccion LT15 Concordia\", \"url\": \"https:\/\/lt15concordia.com.ar\"}, \"publisher\": {\"@type\": \"Organization\", \"name\": \"LT15 Concordia\"}, \"mainEntityOfPage\": {\"@type\": \"WebPage\", \"@id\": \"https:\/\/lt15concordia.com.ar\/index.php\/2026\/09\/02\/se-encadenaron-frente-al-juzgado-laboral-de-concepcion-del-uruguay-por-despidos\/\"}, \"image\": [\"https:\/\/elonce-media.elonce.com\/fotos\/2026\/09\/02\/m_1788358928_86198.webp\"]}<\/script><\/p>\n","protected":false},"excerpt":{"rendered":"<p>Trabajadores de Granja Tres Arroyos protestaron encadenados exigiendo salarios, indemnizaciones y reincorporaci\u00f3n de despedidos.<\/p>\n","protected":false},"author":5,"featured_media":60722,"comment_status":"closed","ping_status":"closed","sticky":false,"template":"","format":"standard","meta":{"footnotes":""},"categories":[37],"tags":[50,1725,2482,4695,950,2071],"_links":{"self":[{"href":"https:\/\/lt15concordia.com.ar\/index.php\/wp-json\/wp\/v2\/posts\/60723"}],"collection":[{"href":"https:\/\/lt15concordia.com.ar\/index.php\/wp-json\/wp\/v2\/posts"}],"about":[{"href":"https:\/\/lt15concordia.com.ar\/index.php\/wp-json\/wp\/v2\/types\/post"}],"author":[{"embeddable":true,"href":"https:\/\/lt15concordia.com.ar\/index.php\/wp-json\/wp\/v2\/users\/5"}],"replies":[{"embeddable":true,"href":"https:\/\/lt15concordia.com.ar\/index.php\/wp-json\/wp\/v2\/comments?post=60723"}],"version-history":[{"count":2,"href":"https:\/\/lt15concordia.com.ar\/index.php\/wp-json\/wp\/v2\/posts\/60723\/revisions"}],"predecessor-version":[{"id":60725,"href":"https:\/\/lt15concordia.com.ar\/index.php\/wp-json\/wp\/v2\/posts\/60723\/revisions\/60725"}],"wp:featuredmedia":[{"embeddable":true,"href":"https:\/\/lt15concordia.com.ar\/index.php\/wp-json\/wp\/v2\/media\/60722"}],"wp:attachment":[{"href":"https:\/\/lt15concordia.com.ar\/index.php\/wp-json\/wp\/v2\/media?parent=60723"}],"wp:term":[{"taxonomy":"category","embeddable":true,"href":"https:\/\/lt15concordia.com.ar\/index.php\/wp-json\/wp\/v2\/categories?post=60723"},{"taxonomy":"post_tag","embeddable":true,"href":"https:\/\/lt15concordia.com.ar\/index.php\/wp-json\/wp\/v2\/tags?post=60723"}],"curies":[{"name":"wp","href":"https:\/\/api.w.org\/{rel}","templated":true}]}}