{"id":60717,"date":"2026-09-02T10:31:48","date_gmt":"2026-09-02T13:31:48","guid":{"rendered":"https:\/\/lt15concordia.com.ar\/?p=60717"},"modified":"2026-09-02T10:31:59","modified_gmt":"2026-09-02T13:31:59","slug":"frigerio-se-sento-con-el-campo-a-fondo-por-los-caminos-rurales","status":"publish","type":"post","link":"https:\/\/lt15concordia.com.ar\/index.php\/2026\/09\/02\/frigerio-se-sento-con-el-campo-a-fondo-por-los-caminos-rurales\/","title":{"rendered":"Frigerio se sent\u00f3 con el campo a fondo por los caminos rurales"},"content":{"rendered":"<p>El estado de los caminos rurales de <strong>Entre R\u00edos<\/strong> lleg\u00f3 a la mesa chica del poder. El gobernador <strong>Rogelio Frigerio<\/strong> se reuni\u00f3 este martes con referentes de la <strong>Confederaci\u00f3n de Asociaciones Rurales Argentinas (CRA)<\/strong> y de la <strong>Federaci\u00f3n de Asociaciones Rurales de Entre R\u00edos (Farer)<\/strong> para meterse de lleno en una problem\u00e1tica que el sector productivo viene reclamando desde hace tiempo: la transitabilidad de la red vial rural.<\/p>\n<p>El encuentro tuvo lugar en el <strong>Sal\u00f3n de Acuerdos de Casa de Gobierno<\/strong> y reuni\u00f3 a figuras clave del gabinete provincial. Estuvieron presentes el ministro de Desarrollo Econ\u00f3mico, <strong>Guillermo Bernaudo<\/strong>; el secretario de Agricultura, Ganader\u00eda y Pesca, <strong>Ra\u00fal Boc-Ho<\/strong>; y el administrador de la <strong>Direcci\u00f3n Provincial de Vialidad (DPV)<\/strong>, <strong>Exequiel Donda<\/strong>. Por las entidades rurales participaron el vicepresidente de CRA, <strong>Jos\u00e9 Colombatto<\/strong>, y el titular de Farer, <strong>Sergio Dalcol<\/strong>.<\/p>\n<p>Bernaudo fue quien sali\u00f3 a dar la cara ante los medios tras el encuentro. Explic\u00f3 que el propio Frigerio quer\u00eda ir al detalle, no quedarse en el diagn\u00f3stico general. <strong>&#8220;El gobernador quer\u00eda entrar en detalle, trabajar propuestas alternativas y trabajar en conjunto. Pide tambi\u00e9n mucha informaci\u00f3n sobre c\u00f3mo es el estado de los caminos y la situaci\u00f3n de cada uno&#8221;<\/strong>, se\u00f1al\u00f3 el ministro. El mensaje es claro: ac\u00e1 no se busca foto, se busca resultado.<\/p>\n<p>El contexto no es menor. En el <strong>Senado provincial<\/strong> avanza el proyecto de ley de <strong>consorcios camineros<\/strong>, una herramienta que el gobierno provincial impulsa para descentralizar y mejorar el mantenimiento de los caminos rurales. Bernaudo fue expl\u00edcito en que las propuestas del sector son bienvenidas, pero que lo que manda es el resultado final: <strong>&#8220;Lo importante no es la herramienta, sino encontrar los resultados&#8221;<\/strong>, afirm\u00f3.<\/p>\n<p>Desde el lado del campo, la valoraci\u00f3n fue positiva. Colombatto reconoci\u00f3 que el encuentro fue productivo y que el gobernador comprende la urgencia del problema. <strong>&#8220;Lo positivo es que el gobernador entiende el problema y nosotros, como dirigentes, queremos tambi\u00e9n ayudarlo a que haya caminos, porque el productor realmente lo viene necesitando hace mucho tiempo&#8221;<\/strong>, dijo el dirigente de CRA. Reconoci\u00f3 que hay departamentos donde Vialidad est\u00e1 respondiendo, pero tambi\u00e9n zonas que siguen esperando atenci\u00f3n.<\/p>\n<p>La propuesta que emergi\u00f3 del encuentro apunta a un esquema colaborativo: que quienes usan los caminos todos los d\u00edas, los propios productores, aporten informaci\u00f3n precisa sobre qu\u00e9 tramos necesitan intervenci\u00f3n m\u00e1s frecuente. <strong>&#8220;La idea es trabajar en conjunto y poder decirle a Vialidad d\u00f3nde tendr\u00eda que tener m\u00e1s asiduidad&#8221;<\/strong>, resumi\u00f3 Colombatto. Un modelo que pone al productor como parte activa de la soluci\u00f3n, no solo como damnificado del problema.<\/p>\n<p>El debate sobre los caminos rurales en <strong>Entre R\u00edos<\/strong> no es nuevo, pero la se\u00f1al pol\u00edtica de esta semana es que el tema subi\u00f3 de rango. Con el proyecto de consorcios camineros en el Senado y una reuni\u00f3n en el coraz\u00f3n de la Casa de Gobierno, el gobierno provincial busca demostrar que esta vez la respuesta va m\u00e1s all\u00e1 de la promesa.<\/p>\n<p><script type=\"application\/ld+json\">{\"@context\": \"https:\/\/schema.org\", \"@type\": \"NewsArticle\", \"headline\": \"Frigerio se sent\u00f3 con el campo a fondo por los caminos rurales\", \"description\": \"El gobernador Frigerio recibi\u00f3 a CRA y Farer para analizar el estado de los caminos rurales y avanzar en propuestas concretas de mantenimiento.\", \"datePublished\": \"2026-09-02T10:31:59-03:00\", \"dateModified\": \"2026-09-02T10:31:59-03:00\", \"inLanguage\": \"es-AR\", \"articleSection\": \"politica\", \"author\": {\"@type\": \"Organization\", \"name\": \"Redaccion LT15 Concordia\", \"url\": \"https:\/\/lt15concordia.com.ar\"}, \"publisher\": {\"@type\": \"Organization\", \"name\": \"LT15 Concordia\"}, \"mainEntityOfPage\": {\"@type\": \"WebPage\", \"@id\": \"https:\/\/lt15concordia.com.ar\/index.php\/2026\/09\/02\/frigerio-se-sento-con-el-campo-a-fondo-por-los-caminos-rurales\/\"}, \"image\": [\"https:\/\/dosflorines.com.ar\/wp-content\/uploads\/2026\/09\/frigerio-farer-y-cra.jpg\"]}<\/script><\/p>\n","protected":false},"excerpt":{"rendered":"<p>El gobernador Frigerio recibi\u00f3 a CRA y Farer para analizar el estado de los caminos rurales y avanzar en propuestas concretas de mantenimiento.<\/p>\n","protected":false},"author":5,"featured_media":60716,"comment_status":"closed","ping_status":"closed","sticky":false,"template":"","format":"standard","meta":{"footnotes":""},"categories":[37],"tags":[911,461,63,460,837,340],"_links":{"self":[{"href":"https:\/\/lt15concordia.com.ar\/index.php\/wp-json\/wp\/v2\/posts\/60717"}],"collection":[{"href":"https:\/\/lt15concordia.com.ar\/index.php\/wp-json\/wp\/v2\/posts"}],"about":[{"href":"https:\/\/lt15concordia.com.ar\/index.php\/wp-json\/wp\/v2\/types\/post"}],"author":[{"embeddable":true,"href":"https:\/\/lt15concordia.com.ar\/index.php\/wp-json\/wp\/v2\/users\/5"}],"replies":[{"embeddable":true,"href":"https:\/\/lt15concordia.com.ar\/index.php\/wp-json\/wp\/v2\/comments?post=60717"}],"version-history":[{"count":2,"href":"https:\/\/lt15concordia.com.ar\/index.php\/wp-json\/wp\/v2\/posts\/60717\/revisions"}],"predecessor-version":[{"id":60719,"href":"https:\/\/lt15concordia.com.ar\/index.php\/wp-json\/wp\/v2\/posts\/60717\/revisions\/60719"}],"wp:featuredmedia":[{"embeddable":true,"href":"https:\/\/lt15concordia.com.ar\/index.php\/wp-json\/wp\/v2\/media\/60716"}],"wp:attachment":[{"href":"https:\/\/lt15concordia.com.ar\/index.php\/wp-json\/wp\/v2\/media?parent=60717"}],"wp:term":[{"taxonomy":"category","embeddable":true,"href":"https:\/\/lt15concordia.com.ar\/index.php\/wp-json\/wp\/v2\/categories?post=60717"},{"taxonomy":"post_tag","embeddable":true,"href":"https:\/\/lt15concordia.com.ar\/index.php\/wp-json\/wp\/v2\/tags?post=60717"}],"curies":[{"name":"wp","href":"https:\/\/api.w.org\/{rel}","templated":true}]}}