{"id":60710,"date":"2026-09-02T09:32:28","date_gmt":"2026-09-02T12:32:28","guid":{"rendered":"https:\/\/lt15concordia.com.ar\/?p=60710"},"modified":"2026-09-02T09:32:38","modified_gmt":"2026-09-02T12:32:38","slug":"la-economia-de-santa-fe-cerro-el-semestre-con-signo-negativo","status":"publish","type":"post","link":"https:\/\/lt15concordia.com.ar\/index.php\/2026\/09\/02\/la-economia-de-santa-fe-cerro-el-semestre-con-signo-negativo\/","title":{"rendered":"La econom\u00eda de Santa Fe cerr\u00f3 el semestre con signo negativo"},"content":{"rendered":"<p>La recuperaci\u00f3n que ilusion\u00f3 en los primeros meses del a\u00f1o no aguant\u00f3. <strong>La econom\u00eda de la provincia de Santa Fe<\/strong> cerr\u00f3 el primer semestre de <strong>2026<\/strong> con lo que la Bolsa de Comercio local defini\u00f3 como un <strong>&#8220;balance levemente negativo&#8221;<\/strong>, despu\u00e9s de que el \u00edndice de actividad <strong>ICA-SFE<\/strong> registrara en junio una ca\u00edda mensual del <strong>0,5%<\/strong> y una variaci\u00f3n interanual de <strong>-0,03%<\/strong>.<\/p>\n<p>El propio informe lo dice sin rodeos: <strong>&#8220;la incipiente recuperaci\u00f3n registrada en los primeros meses del a\u00f1o perdi\u00f3 fuerza y la actividad econ\u00f3mica santafesina vuelve a mostrar una silueta descendente&#8221;<\/strong>. En junio, por segundo mes consecutivo, solo uno de los ocho indicadores que componen el \u00edndice mostr\u00f3 resultado positivo en t\u00e9rminos mensuales.<\/p>\n<p>El panorama es heterog\u00e9neo pero con tendencia clara. <strong>La producci\u00f3n industrial<\/strong> fue la excepci\u00f3n: subi\u00f3 <strong>0,1%<\/strong> mensual y <strong>2,6%<\/strong> interanual, una se\u00f1al de estabilidad relativa en medio del resto del cuadro. En cambio, <strong>la construcci\u00f3n<\/strong>, medida por consumo de cemento, volvi\u00f3 a caer con fuerza: <strong>-3,7%<\/strong> mensual, aunque en la comparaci\u00f3n interanual todav\u00eda acumula un alza del <strong>14,9%<\/strong>.<\/p>\n<p>El consumo no da respiro. <strong>Las ventas en supermercados<\/strong> bajaron <strong>0,1%<\/strong> respecto de mayo y <strong>1,9%<\/strong> en la comparaci\u00f3n interanual, completando as\u00ed un a\u00f1o entero de variaciones negativas en ese indicador. Tres meses consecutivos de retroceso mensual: la debilidad del bolsillo de los hogares santafesinos no es un dato aislado, es una tendencia.<\/p>\n<p>El mercado laboral suma se\u00f1ales preocupantes. <strong>Los puestos de trabajo registrados<\/strong> volvieron a bajar levemente (<strong>-0,1%<\/strong> mensual, <strong>-0,3%<\/strong> interanual), mientras que <strong>las remuneraciones reales<\/strong> se contrajeron <strong>1,9%<\/strong> en junio y acumulan una ca\u00edda interanual del <strong>1,3%<\/strong>. M\u00e1s revelador a\u00fan: la <strong>demanda laboral<\/strong>, que mide las expectativas empresarias de contrataci\u00f3n, se desplom\u00f3 <strong>15,4%<\/strong> en t\u00e9rminos interanuales. Las empresas no est\u00e1n pensando en sumar gente.<\/p>\n<p>El <strong>patentamiento de autos<\/strong> tambi\u00e9n retrocedi\u00f3: <strong>-2,4%<\/strong> mensual y <strong>-12,8%<\/strong> interanual, confirmando que el dinamismo que mostr\u00f3 el sector en 2024 y comienzos de 2025 qued\u00f3 atr\u00e1s. Los <strong>recursos tributarios provinciales<\/strong> cayeron <strong>0,8%<\/strong> mensual y <strong>0,6%<\/strong> interanual, volviendo al terreno negativo despu\u00e9s de dos meses de mejora.<\/p>\n<p>En el plano energ\u00e9tico, el <strong>consumo de gas industrial<\/strong> acumul\u00f3 un retroceso del <strong>5,8%<\/strong> en los \u00faltimos tres meses, aunque la comparaci\u00f3n interanual todav\u00eda es positiva por la baja base de 2025. El <strong>consumo de hidrocarburos l\u00edquidos<\/strong> mostr\u00f3 una leve mejora mensual del <strong>0,3%<\/strong>, operando cerca de los m\u00e1ximos hist\u00f3ricos de la serie. El cierre del semestre deja a la econom\u00eda santafesina en un punto de inflexi\u00f3n: ni en ca\u00edda libre ni en recuperaci\u00f3n firme, sino en ese terreno inc\u00f3modo donde los indicadores se contradicen y la direcci\u00f3n real todav\u00eda no termina de definirse.<\/p>\n<p><script type=\"application\/ld+json\">{\"@context\": \"https:\/\/schema.org\", \"@type\": \"NewsArticle\", \"headline\": \"La econom\u00eda de Santa Fe cerr\u00f3 el semestre con signo negativo\", \"description\": \"El \u00edndice ICA-SFE de junio marc\u00f3 -0,5% mensual y -0,03% interanual. La recuperaci\u00f3n del inicio del a\u00f1o perdi\u00f3 fuerza y la actividad volvi\u00f3 a caer.\", \"datePublished\": \"2026-09-02T09:32:38-03:00\", \"dateModified\": \"2026-09-02T09:32:38-03:00\", \"inLanguage\": \"es-AR\", \"articleSection\": \"economia\", \"author\": {\"@type\": \"Organization\", \"name\": \"Redaccion LT15 Concordia\", \"url\": \"https:\/\/lt15concordia.com.ar\"}, \"publisher\": {\"@type\": \"Organization\", \"name\": \"LT15 Concordia\"}, \"mainEntityOfPage\": {\"@type\": \"WebPage\", \"@id\": \"https:\/\/lt15concordia.com.ar\/index.php\/2026\/09\/02\/la-economia-de-santa-fe-cerro-el-semestre-con-signo-negativo\/\"}, \"image\": [\"https:\/\/dosflorines.com.ar\/wp-content\/uploads\/2026\/09\/santa-fe-economia-junio-2026.jpg\"]}<\/script><\/p>\n","protected":false},"excerpt":{"rendered":"<p>El \u00edndice ICA-SFE de junio marc\u00f3 -0,5% mensual y -0,03% interanual. La recuperaci\u00f3n del inicio del a\u00f1o perdi\u00f3 fuerza y la actividad volvi\u00f3 a caer.<\/p>\n","protected":false},"author":5,"featured_media":60709,"comment_status":"closed","ping_status":"closed","sticky":false,"template":"","format":"standard","meta":{"footnotes":""},"categories":[89],"tags":[3410,894,2153,65,609,328],"_links":{"self":[{"href":"https:\/\/lt15concordia.com.ar\/index.php\/wp-json\/wp\/v2\/posts\/60710"}],"collection":[{"href":"https:\/\/lt15concordia.com.ar\/index.php\/wp-json\/wp\/v2\/posts"}],"about":[{"href":"https:\/\/lt15concordia.com.ar\/index.php\/wp-json\/wp\/v2\/types\/post"}],"author":[{"embeddable":true,"href":"https:\/\/lt15concordia.com.ar\/index.php\/wp-json\/wp\/v2\/users\/5"}],"replies":[{"embeddable":true,"href":"https:\/\/lt15concordia.com.ar\/index.php\/wp-json\/wp\/v2\/comments?post=60710"}],"version-history":[{"count":2,"href":"https:\/\/lt15concordia.com.ar\/index.php\/wp-json\/wp\/v2\/posts\/60710\/revisions"}],"predecessor-version":[{"id":60712,"href":"https:\/\/lt15concordia.com.ar\/index.php\/wp-json\/wp\/v2\/posts\/60710\/revisions\/60712"}],"wp:featuredmedia":[{"embeddable":true,"href":"https:\/\/lt15concordia.com.ar\/index.php\/wp-json\/wp\/v2\/media\/60709"}],"wp:attachment":[{"href":"https:\/\/lt15concordia.com.ar\/index.php\/wp-json\/wp\/v2\/media?parent=60710"}],"wp:term":[{"taxonomy":"category","embeddable":true,"href":"https:\/\/lt15concordia.com.ar\/index.php\/wp-json\/wp\/v2\/categories?post=60710"},{"taxonomy":"post_tag","embeddable":true,"href":"https:\/\/lt15concordia.com.ar\/index.php\/wp-json\/wp\/v2\/tags?post=60710"}],"curies":[{"name":"wp","href":"https:\/\/api.w.org\/{rel}","templated":true}]}}