{"id":60703,"date":"2026-09-02T09:30:55","date_gmt":"2026-09-02T12:30:55","guid":{"rendered":"https:\/\/lt15concordia.com.ar\/?p=60703"},"modified":"2026-09-02T09:31:06","modified_gmt":"2026-09-02T12:31:06","slug":"pami-sin-convenio-en-concordia-la-provincia-reorganiza-hospitales-y-hay-marcha","status":"publish","type":"post","link":"https:\/\/lt15concordia.com.ar\/index.php\/2026\/09\/02\/pami-sin-convenio-en-concordia-la-provincia-reorganiza-hospitales-y-hay-marcha\/","title":{"rendered":"PAMI sin convenio en Concordia: la Provincia reorganiza hospitales y hay marcha"},"content":{"rendered":"<p>El convenio se cort\u00f3 y los jubilados quedaron en el medio. La finalizaci\u00f3n del acuerdo entre <strong>PAMI<\/strong> y el <strong>Sanatorio Concordia<\/strong> encendi\u00f3 una alarma que el sistema sanitario provincial intenta apagar con una reorganizaci\u00f3n de urgencia, mientras en las calles de la ciudad la respuesta fue una movilizaci\u00f3n que no pas\u00f3 desapercibida.<\/p>\n<p>La estrategia oficial contempla redistribuir la carga asistencial entre los dos grandes hospitales p\u00fablicos de <strong>Concordia<\/strong>. El <strong>Hospital Delicia Concepci\u00f3n Masvernat<\/strong> asume la respuesta para los casos de mayor complejidad, mientras que el <strong>Hospital Felipe Heras<\/strong> funciona como segundo punto de atenci\u00f3n seg\u00fan la gravedad de cada situaci\u00f3n. Se establecieron circuitos espec\u00edficos para ordenar el flujo de pacientes y evitar que todo el peso caiga sobre un \u00fanico efector.<\/p>\n<p>La red provincial tambi\u00e9n entra en juego: <strong>hospitales de otras localidades de Entre R\u00edos<\/strong> est\u00e1n disponibles para dar soporte ante incrementos de demanda y facilitar derivaciones cuando sea necesario. La prioridad declarada es que ninguna persona quede sin atenci\u00f3n ante una urgencia o emergencia.<\/p>\n<p>El <strong>ministro de Salud provincial, Daniel Blanzaco<\/strong>, mantiene contacto permanente con las autoridades involucradas y lleva adelante gestiones ante <strong>PAMI central<\/strong> con el objetivo de acelerar una soluci\u00f3n. Sin embargo, la definici\u00f3n de fondo sobre la continuidad y reorganizaci\u00f3n de las prestaciones para los afiliados del Instituto es una decisi\u00f3n que le corresponde al propio <strong>PAMI<\/strong>, no a la Provincia.<\/p>\n<p>Mientras tanto, en las calles de <strong>Concordia<\/strong> el malestar se hizo visible. <strong>Organizaciones gremiales, sociales y pol\u00edticas<\/strong>, junto a vecinos de distintos sectores, protagonizaron el martes una multitudinaria movilizaci\u00f3n en defensa de los afiliados. Los manifestantes reclamaron que se garantice el acceso a la atenci\u00f3n m\u00e9dica de <strong>jubilados y pensionados<\/strong>, cuestionaron las dificultades para obtener turnos y prestaciones, y apuntaron con cr\u00edticas al <strong>Gobierno nacional<\/strong> y al <strong>Gobierno provincial<\/strong>.<\/p>\n<p>La situaci\u00f3n deja expuesta una tensi\u00f3n que no es nueva: la dependencia de la atenci\u00f3n de adultos mayores respecto de convenios con efectores privados, y la fragilidad que genera su interrupci\u00f3n. El sistema p\u00fablico absorbe el golpe, pero la capacidad de respuesta tiene l\u00edmites. La soluci\u00f3n de fondo sigue siendo una negociaci\u00f3n que a\u00fan no tiene fecha de cierre.<\/p>\n<p><script type=\"application\/ld+json\">{\"@context\": \"https:\/\/schema.org\", \"@type\": \"NewsArticle\", \"headline\": \"PAMI sin convenio en Concordia: la Provincia reorganiza hospitales y hay marcha\", \"description\": \"Tras la ruptura del convenio entre PAMI y el Sanatorio Concordia, la Provincia reorganiza la red hospitalaria. Hubo una multitudinaria movilizaci\u00f3n en la ciudad.\", \"datePublished\": \"2026-09-02T09:31:05-03:00\", \"dateModified\": \"2026-09-02T09:31:05-03:00\", \"inLanguage\": \"es-AR\", \"articleSection\": \"salud\", \"author\": {\"@type\": \"Organization\", \"name\": \"Redaccion LT15 Concordia\", \"url\": \"https:\/\/lt15concordia.com.ar\"}, \"publisher\": {\"@type\": \"Organization\", \"name\": \"LT15 Concordia\"}, \"mainEntityOfPage\": {\"@type\": \"WebPage\", \"@id\": \"https:\/\/lt15concordia.com.ar\/index.php\/2026\/09\/02\/pami-sin-convenio-en-concordia-la-provincia-reorganiza-hospitales-y-hay-marcha\/\"}, \"image\": [\"https:\/\/www.diariojunio.com.ar\/wp-content\/uploads\/2026\/09\/masvernat-heras.jpg\"]}<\/script><\/p>\n","protected":false},"excerpt":{"rendered":"<p>Tras la ruptura del convenio entre PAMI y el Sanatorio Concordia, la Provincia reorganiza la red hospitalaria. Hubo una multitudinaria movilizaci\u00f3n en la ciudad.<\/p>\n","protected":false},"author":5,"featured_media":60702,"comment_status":"closed","ping_status":"closed","sticky":false,"template":"","format":"standard","meta":{"footnotes":""},"categories":[30],"tags":[41,1146,2830,131,289,2330],"_links":{"self":[{"href":"https:\/\/lt15concordia.com.ar\/index.php\/wp-json\/wp\/v2\/posts\/60703"}],"collection":[{"href":"https:\/\/lt15concordia.com.ar\/index.php\/wp-json\/wp\/v2\/posts"}],"about":[{"href":"https:\/\/lt15concordia.com.ar\/index.php\/wp-json\/wp\/v2\/types\/post"}],"author":[{"embeddable":true,"href":"https:\/\/lt15concordia.com.ar\/index.php\/wp-json\/wp\/v2\/users\/5"}],"replies":[{"embeddable":true,"href":"https:\/\/lt15concordia.com.ar\/index.php\/wp-json\/wp\/v2\/comments?post=60703"}],"version-history":[{"count":2,"href":"https:\/\/lt15concordia.com.ar\/index.php\/wp-json\/wp\/v2\/posts\/60703\/revisions"}],"predecessor-version":[{"id":60705,"href":"https:\/\/lt15concordia.com.ar\/index.php\/wp-json\/wp\/v2\/posts\/60703\/revisions\/60705"}],"wp:featuredmedia":[{"embeddable":true,"href":"https:\/\/lt15concordia.com.ar\/index.php\/wp-json\/wp\/v2\/media\/60702"}],"wp:attachment":[{"href":"https:\/\/lt15concordia.com.ar\/index.php\/wp-json\/wp\/v2\/media?parent=60703"}],"wp:term":[{"taxonomy":"category","embeddable":true,"href":"https:\/\/lt15concordia.com.ar\/index.php\/wp-json\/wp\/v2\/categories?post=60703"},{"taxonomy":"post_tag","embeddable":true,"href":"https:\/\/lt15concordia.com.ar\/index.php\/wp-json\/wp\/v2\/tags?post=60703"}],"curies":[{"name":"wp","href":"https:\/\/api.w.org\/{rel}","templated":true}]}}