{"id":60695,"date":"2026-09-02T07:37:30","date_gmt":"2026-09-02T10:37:30","guid":{"rendered":"https:\/\/lt15concordia.com.ar\/?p=60695"},"modified":"2026-09-02T07:37:41","modified_gmt":"2026-09-02T10:37:41","slug":"el-papa-leon-xiv-en-cordoba-mas-de-15-millones-esperados-en-la-misa-central","status":"publish","type":"post","link":"https:\/\/lt15concordia.com.ar\/index.php\/2026\/09\/02\/el-papa-leon-xiv-en-cordoba-mas-de-15-millones-esperados-en-la-misa-central\/","title":{"rendered":"El papa Le\u00f3n XIV en C\u00f3rdoba: m\u00e1s de 1,5 millones esperados en la misa central"},"content":{"rendered":"<p>Una ciudad entera en modo de emergencia log\u00edstica. El gobierno de la provincia de <strong>C\u00f3rdoba<\/strong> confirm\u00f3 el operativo completo para la visita del <strong>papa Le\u00f3n XIV<\/strong>, y los n\u00fameros que maneja son de otro planeta: se esperan <strong>m\u00e1s de 1,5 millones de personas<\/strong> para la misa central, un evento que no tiene precedentes recientes en suelo argentino.<\/p>\n<p>El punto neur\u00e1lgico del encuentro ser\u00e1 el <strong>predio de FAdeA<\/strong>, el hist\u00f3rico complejo aeron\u00e1utico ubicado en la capital cordobesa. La elecci\u00f3n del lugar no es casual: se trata de uno de los pocos espacios capaces de contener semejante marea humana, con accesos que permiten un despliegue de seguridad a escala.<\/p>\n<p>Y ese despliegue ser\u00e1 <strong>fuerte<\/strong>. Las autoridades provinciales anticiparon importantes <strong>cortes de tr\u00e1nsito<\/strong> en zonas clave de la ciudad, con un esquema de seguridad que todav\u00eda se est\u00e1 terminando de afinar pero que promete ser de los m\u00e1s grandes que haya visto C\u00f3rdoba en d\u00e9cadas. El operativo involucrar\u00e1 fuerzas provinciales y nacionales coordinadas para garantizar el orden en una jornada que se perfila como hist\u00f3rica.<\/p>\n<p>Adem\u00e1s, el gobierno provincial dej\u00f3 abierta la puerta para <strong>disponer un asueto administrativo extraordinario<\/strong> durante la jornada, una se\u00f1al clara de la magnitud que le asignan al evento. Si se confirma, miles de empleados p\u00fablicos cordobeses podr\u00e1n sumarse a la peregrinaci\u00f3n masiva sin conflictos laborales de por medio.<\/p>\n<p>La visita del <strong>papa Le\u00f3n XIV a la Argentina<\/strong> viene generando expectativa en todo el pa\u00eds desde que se anunci\u00f3 el itinerario. C\u00f3rdoba, con su tradici\u00f3n religiosa y su peso demogr\u00e1fico, se posiciona como uno de los escenarios centrales de la gira. Los detalles log\u00edsticos finales se ir\u00e1n confirmando en los pr\u00f3ximos d\u00edas a medida que se acerque la fecha del evento.<\/p>\n<p><script type=\"application\/ld+json\">{\"@context\": \"https:\/\/schema.org\", \"@type\": \"NewsArticle\", \"headline\": \"El papa Le\u00f3n XIV en C\u00f3rdoba: m\u00e1s de 1,5 millones esperados en la misa central\", \"description\": \"El gobierno de C\u00f3rdoba confirm\u00f3 el operativo para la visita del papa Le\u00f3n XIV. La misa ser\u00e1 en el predio de FAdeA, con cortes de tr\u00e1nsito y asueto posible.\", \"datePublished\": \"2026-09-02T07:37:41-03:00\", \"dateModified\": \"2026-09-02T07:37:41-03:00\", \"inLanguage\": \"es-AR\", \"articleSection\": \"sociedad\", \"author\": {\"@type\": \"Organization\", \"name\": \"Redaccion LT15 Concordia\", \"url\": \"https:\/\/lt15concordia.com.ar\"}, \"publisher\": {\"@type\": \"Organization\", \"name\": \"LT15 Concordia\"}, \"mainEntityOfPage\": {\"@type\": \"WebPage\", \"@id\": \"https:\/\/lt15concordia.com.ar\/index.php\/2026\/09\/02\/el-papa-leon-xiv-en-cordoba-mas-de-15-millones-esperados-en-la-misa-central\/\"}, \"image\": [\"https:\/\/elonce-media.elonce.com\/fotos\/2026\/05\/27\/m_1779920348_14478.webp\"]}<\/script><\/p>\n","protected":false},"excerpt":{"rendered":"<p>El gobierno de C\u00f3rdoba confirm\u00f3 el operativo para la visita del papa Le\u00f3n XIV. La misa ser\u00e1 en el predio de FAdeA, con cortes de tr\u00e1nsito y asueto posible.<\/p>\n","protected":false},"author":5,"featured_media":60694,"comment_status":"closed","ping_status":"closed","sticky":false,"template":"","format":"standard","meta":{"footnotes":""},"categories":[89],"tags":[278,4693,2187,3286,3287],"_links":{"self":[{"href":"https:\/\/lt15concordia.com.ar\/index.php\/wp-json\/wp\/v2\/posts\/60695"}],"collection":[{"href":"https:\/\/lt15concordia.com.ar\/index.php\/wp-json\/wp\/v2\/posts"}],"about":[{"href":"https:\/\/lt15concordia.com.ar\/index.php\/wp-json\/wp\/v2\/types\/post"}],"author":[{"embeddable":true,"href":"https:\/\/lt15concordia.com.ar\/index.php\/wp-json\/wp\/v2\/users\/5"}],"replies":[{"embeddable":true,"href":"https:\/\/lt15concordia.com.ar\/index.php\/wp-json\/wp\/v2\/comments?post=60695"}],"version-history":[{"count":2,"href":"https:\/\/lt15concordia.com.ar\/index.php\/wp-json\/wp\/v2\/posts\/60695\/revisions"}],"predecessor-version":[{"id":60697,"href":"https:\/\/lt15concordia.com.ar\/index.php\/wp-json\/wp\/v2\/posts\/60695\/revisions\/60697"}],"wp:featuredmedia":[{"embeddable":true,"href":"https:\/\/lt15concordia.com.ar\/index.php\/wp-json\/wp\/v2\/media\/60694"}],"wp:attachment":[{"href":"https:\/\/lt15concordia.com.ar\/index.php\/wp-json\/wp\/v2\/media?parent=60695"}],"wp:term":[{"taxonomy":"category","embeddable":true,"href":"https:\/\/lt15concordia.com.ar\/index.php\/wp-json\/wp\/v2\/categories?post=60695"},{"taxonomy":"post_tag","embeddable":true,"href":"https:\/\/lt15concordia.com.ar\/index.php\/wp-json\/wp\/v2\/tags?post=60695"}],"curies":[{"name":"wp","href":"https:\/\/api.w.org\/{rel}","templated":true}]}}