{"id":60681,"date":"2026-09-02T06:30:52","date_gmt":"2026-09-02T09:30:52","guid":{"rendered":"https:\/\/lt15concordia.com.ar\/?p=60681"},"modified":"2026-09-02T06:31:03","modified_gmt":"2026-09-02T09:31:03","slug":"caputo-en-el-g20-nadie-pregunto-por-los-creditos-en-mora","status":"publish","type":"post","link":"https:\/\/lt15concordia.com.ar\/index.php\/2026\/09\/02\/caputo-en-el-g20-nadie-pregunto-por-los-creditos-en-mora\/","title":{"rendered":"Caputo en el G20: &#8220;Nadie pregunt\u00f3 por los cr\u00e9ditos en mora&#8221;"},"content":{"rendered":"<p>Distendido, en una terraza del hotel Omni Grove Park en <strong>Asheville, Carolina del Norte<\/strong>, <strong>Luis Caputo<\/strong> hizo su balance del <strong>G20 de Finanzas<\/strong> organizado por <strong>Estados Unidos<\/strong>: Argentina es un &#8220;leading case&#8221;, dijo, y nadie en la mesa le pregunt\u00f3 por los cr\u00e9ditos en mora. Ni una sola vez.<\/p>\n<p>El ministro de Econom\u00eda fue <strong>orador principal en la sesi\u00f3n de crecimiento global<\/strong> y despu\u00e9s comparti\u00f3 la cena oficial con figuras de peso: <strong>Scott Bessent<\/strong> (secretario del Tesoro de EE.UU.), <strong>Jamie Dimon<\/strong> (presidente del JPMorgan) y los representantes de Italia, Francia, Jap\u00f3n y Polonia. En ese marco, el elogio al programa econ\u00f3mico argentino surgi\u00f3 de manera espont\u00e1nea. &#8220;No recuerdo si fue Jamie Dimon que coment\u00f3 qu\u00e9 impresionante el trabajo que est\u00e1n haciendo&#8221;, relat\u00f3 Caputo, y agreg\u00f3 que Bessent &#8220;se larg\u00f3 con todo&#8221; en defensa del modelo.<\/p>\n<p>&#8220;La Argentina es un <strong>leading case<\/strong>. Eso lo dicen todos. Muchos pa\u00edses tienen el problema del d\u00e9ficit, lo reconocen, pero es como que no se animan a hacer lo que se hizo en la Argentina&#8221;, sostuvo el ministro. El argumento que m\u00e1s repite Caputo es uno que le gusta subrayar: por primera vez el pa\u00eds sali\u00f3 de una situaci\u00f3n econ\u00f3mica terminal <strong>sin default, sin corralito, sin plan B\u00f3nex, sin confiscaciones<\/strong>. Y encima creci\u00f3. Eso, en los foros internacionales, genera impacto real.<\/p>\n<p>La relaci\u00f3n con <strong>Kristalina Georgieva<\/strong>, directora gerente del FMI, fue otro cap\u00edtulo central del viaje. &#8220;Siempre nos ponen como ejemplo. Realmente ellos no tienen ninguna preocupaci\u00f3n por la Argentina&#8221;, afirm\u00f3 Caputo. Cuando le preguntaron si Georgieva, el director adjunto <strong>Dan Katz<\/strong> o el presidente del Banco Mundial <strong>Ajay Banga<\/strong> le consultaron algo sobre los cr\u00e9ditos en mora, la respuesta fue tajante: &#8220;Cero. Cr\u00e9eme, ni siquiera una pregunta, nada&#8221;.<\/p>\n<p>Para Caputo, este fue <strong>&#8220;tal vez el mejor G20&#8221; al que asisti\u00f3<\/strong>, en parte porque por primera vez se invit\u00f3 al sector privado a participar de las sesiones, lo que le dio otra dimensi\u00f3n al encuentro. La visi\u00f3n de los l\u00edderes empresariales en \u00e1reas como inteligencia artificial y regulaci\u00f3n fue, seg\u00fan el ministro, un valor agregado concreto. El escenario internacional, al menos en esta fotograf\u00eda de Asheville, muestra a la Argentina con cr\u00e9dito pol\u00edtico renovado ante los grandes actores financieros globales.<\/p>\n<p><script type=\"application\/ld+json\">{\"@context\": \"https:\/\/schema.org\", \"@type\": \"NewsArticle\", \"headline\": \"Caputo en el G20: \\\"Nadie pregunt\u00f3 por los cr\u00e9ditos en mora\\\"\", \"description\": \"El ministro de Econom\u00eda habl\u00f3 desde Asheville tras el G20 de Finanzas: elogios de Bessent, Dimon y el FMI al programa argentino.\", \"datePublished\": \"2026-09-02T06:31:02-03:00\", \"dateModified\": \"2026-09-02T06:31:02-03:00\", \"inLanguage\": \"es-AR\", \"articleSection\": \"economia\", \"author\": {\"@type\": \"Organization\", \"name\": \"Redaccion LT15 Concordia\", \"url\": \"https:\/\/lt15concordia.com.ar\"}, \"publisher\": {\"@type\": \"Organization\", \"name\": \"LT15 Concordia\"}, \"mainEntityOfPage\": {\"@type\": \"WebPage\", \"@id\": \"https:\/\/lt15concordia.com.ar\/index.php\/2026\/09\/02\/caputo-en-el-g20-nadie-pregunto-por-los-creditos-en-mora\/\"}, \"image\": [\"https:\/\/www.infobae.com\/resizer\/v2\/XCROJDOT3BDP5JL4HTFYWLRPUY.jpg?auth=0b7fc8869b36aa1780f3ae35e3ff1d72a8cd83fae9b3f85ac4560591cc848f66&smart=true&width=1920&height=1080\"]}<\/script><\/p>\n","protected":false},"excerpt":{"rendered":"<p>El ministro de Econom\u00eda habl\u00f3 desde Asheville tras el G20 de Finanzas: elogios de Bessent, Dimon y el FMI al programa argentino.<\/p>\n","protected":false},"author":5,"featured_media":60680,"comment_status":"closed","ping_status":"closed","sticky":false,"template":"","format":"standard","meta":{"footnotes":""},"categories":[89],"tags":[43,217,256,4610,819,4686],"_links":{"self":[{"href":"https:\/\/lt15concordia.com.ar\/index.php\/wp-json\/wp\/v2\/posts\/60681"}],"collection":[{"href":"https:\/\/lt15concordia.com.ar\/index.php\/wp-json\/wp\/v2\/posts"}],"about":[{"href":"https:\/\/lt15concordia.com.ar\/index.php\/wp-json\/wp\/v2\/types\/post"}],"author":[{"embeddable":true,"href":"https:\/\/lt15concordia.com.ar\/index.php\/wp-json\/wp\/v2\/users\/5"}],"replies":[{"embeddable":true,"href":"https:\/\/lt15concordia.com.ar\/index.php\/wp-json\/wp\/v2\/comments?post=60681"}],"version-history":[{"count":2,"href":"https:\/\/lt15concordia.com.ar\/index.php\/wp-json\/wp\/v2\/posts\/60681\/revisions"}],"predecessor-version":[{"id":60683,"href":"https:\/\/lt15concordia.com.ar\/index.php\/wp-json\/wp\/v2\/posts\/60681\/revisions\/60683"}],"wp:featuredmedia":[{"embeddable":true,"href":"https:\/\/lt15concordia.com.ar\/index.php\/wp-json\/wp\/v2\/media\/60680"}],"wp:attachment":[{"href":"https:\/\/lt15concordia.com.ar\/index.php\/wp-json\/wp\/v2\/media?parent=60681"}],"wp:term":[{"taxonomy":"category","embeddable":true,"href":"https:\/\/lt15concordia.com.ar\/index.php\/wp-json\/wp\/v2\/categories?post=60681"},{"taxonomy":"post_tag","embeddable":true,"href":"https:\/\/lt15concordia.com.ar\/index.php\/wp-json\/wp\/v2\/tags?post=60681"}],"curies":[{"name":"wp","href":"https:\/\/api.w.org\/{rel}","templated":true}]}}