{"id":60670,"date":"2026-09-01T22:30:55","date_gmt":"2026-09-02T01:30:55","guid":{"rendered":"https:\/\/lt15concordia.com.ar\/?p=60670"},"modified":"2026-09-01T22:31:07","modified_gmt":"2026-09-02T01:31:07","slug":"la-defensa-del-intendente-de-estancia-grande-niega-el-abuso-y-habla-de-represali","status":"publish","type":"post","link":"https:\/\/lt15concordia.com.ar\/index.php\/2026\/09\/01\/la-defensa-del-intendente-de-estancia-grande-niega-el-abuso-y-habla-de-represali\/","title":{"rendered":"La defensa del intendente de Estancia Grande niega el abuso y habla de represalia"},"content":{"rendered":"<p>La defensa del intendente de <strong>Estancia Grande<\/strong>, <strong>Pablo Javier Gold\u00edn<\/strong>, sali\u00f3 a responder con fuerza a la denuncia por abuso sexual que pesa sobre su representado. Los abogados <strong>Guillermo Pe\u00f1alver<\/strong> y <strong>Carlos Conti<\/strong> difundieron un extenso comunicado en el que sostienen que el hecho denunciado <strong>\u00abjam\u00e1s ocurri\u00f3\u00bb<\/strong> y que se trata de una represalia orquestada por quienes est\u00e1n bajo investigaci\u00f3n judicial.<\/p>\n<p>Seg\u00fan la versi\u00f3n de la defensa, la cadena de hechos arranca cuando <strong>Gold\u00edn<\/strong> detect\u00f3 presuntas irregularidades en la <strong>Municipalidad de Estancia Grande<\/strong> y formaliz\u00f3 denuncias penales por corrupci\u00f3n contra la denunciante, identificada como <strong>A. R.<\/strong>, su esposo <strong>Pedro Silvio de la Madrid<\/strong> y su cu\u00f1ada <strong>Daiana Alfonsina de la Madrid<\/strong>. Tras esas denuncias, <strong>A. R.<\/strong> fue desvinculada de la planta municipal y, seg\u00fan los letrados, fue entonces cuando comenzaron a aparecer las acusaciones contra el intendente.<\/p>\n<p>Uno de los puntos centrales del comunicado gira en torno a un decreto que, seg\u00fan la defensa, fue <strong>\u00abfraguado\u00bb<\/strong> para incorporar a la planta permanente municipal a la denunciante y a su cu\u00f1ada, asign\u00e1ndoles una remuneraci\u00f3n equivalente a la del propio intendente, es decir, el <strong>sueldo m\u00e1s alto del erario municipal<\/strong>. Los abogados se\u00f1alan que por ese mismo decreto el esposo de la denunciante, <strong>Pedro Silvio de la Madrid<\/strong>, ya fue condenado y actualmente cumple condena en la <strong>Unidad Penal de Gualeguaych\u00fa<\/strong>, mientras que <strong>A. R.<\/strong> se encuentra procesada en relaci\u00f3n con los mismos hechos.<\/p>\n<p>La defensa no se qued\u00f3 en la negaci\u00f3n: anunci\u00f3 que promover\u00e1 una denuncia por <strong>presunta estafa procesal<\/strong> y remarc\u00f3 que ser\u00e1 la Justicia quien determine si existi\u00f3 delito y qui\u00e9nes son los responsables. \u00abGold\u00edn est\u00e1 imputado, pero no condenado\u00bb, subrayaron los letrados, dejando en claro que la estrategia pasa por demostrar la inocencia en sede judicial.<\/p>\n<p>El caso instala una disputa judicial de varias capas en <strong>Estancia Grande<\/strong>: por un lado, la imputaci\u00f3n al intendente por abuso sexual; por otro, las causas por corrupci\u00f3n que involucran a la denunciante y su entorno familiar. La Justicia tendr\u00e1 la \u00faltima palabra sobre si hay un delito real, una represalia coordinada, o ambas cosas a la vez.<\/p>\n<p><script type=\"application\/ld+json\">{\"@context\": \"https:\/\/schema.org\", \"@type\": \"NewsArticle\", \"headline\": \"La defensa del intendente de Estancia Grande niega el abuso y habla de represalia\", \"description\": \"Los abogados de Pablo Javier Gold\u00edn rechazaron la imputaci\u00f3n por abuso sexual y sostuvieron que la denuncia es una venganza coordinada tras causas por corrupci\u00f3n.\", \"datePublished\": \"2026-09-01T22:31:06-03:00\", \"dateModified\": \"2026-09-01T22:31:06-03:00\", \"inLanguage\": \"es-AR\", \"articleSection\": \"politica\", \"author\": {\"@type\": \"Organization\", \"name\": \"Redaccion LT15 Concordia\", \"url\": \"https:\/\/lt15concordia.com.ar\"}, \"publisher\": {\"@type\": \"Organization\", \"name\": \"LT15 Concordia\"}, \"mainEntityOfPage\": {\"@type\": \"WebPage\", \"@id\": \"https:\/\/lt15concordia.com.ar\/index.php\/2026\/09\/01\/la-defensa-del-intendente-de-estancia-grande-niega-el-abuso-y-habla-de-represali\/\"}, \"image\": [\"https:\/\/www.diariojunio.com.ar\/wp-content\/uploads\/2026\/09\/penalber-conti.jpg\"]}<\/script><\/p>\n","protected":false},"excerpt":{"rendered":"<p>Los abogados de Pablo Javier Gold\u00edn rechazaron la imputaci\u00f3n por abuso sexual y sostuvieron que la denuncia es una venganza coordinada tras causas por corrupci\u00f3n.<\/p>\n","protected":false},"author":5,"featured_media":60669,"comment_status":"closed","ping_status":"closed","sticky":false,"template":"","format":"standard","meta":{"footnotes":""},"categories":[37],"tags":[257,1602,63,422,1778,4682],"_links":{"self":[{"href":"https:\/\/lt15concordia.com.ar\/index.php\/wp-json\/wp\/v2\/posts\/60670"}],"collection":[{"href":"https:\/\/lt15concordia.com.ar\/index.php\/wp-json\/wp\/v2\/posts"}],"about":[{"href":"https:\/\/lt15concordia.com.ar\/index.php\/wp-json\/wp\/v2\/types\/post"}],"author":[{"embeddable":true,"href":"https:\/\/lt15concordia.com.ar\/index.php\/wp-json\/wp\/v2\/users\/5"}],"replies":[{"embeddable":true,"href":"https:\/\/lt15concordia.com.ar\/index.php\/wp-json\/wp\/v2\/comments?post=60670"}],"version-history":[{"count":2,"href":"https:\/\/lt15concordia.com.ar\/index.php\/wp-json\/wp\/v2\/posts\/60670\/revisions"}],"predecessor-version":[{"id":60672,"href":"https:\/\/lt15concordia.com.ar\/index.php\/wp-json\/wp\/v2\/posts\/60670\/revisions\/60672"}],"wp:featuredmedia":[{"embeddable":true,"href":"https:\/\/lt15concordia.com.ar\/index.php\/wp-json\/wp\/v2\/media\/60669"}],"wp:attachment":[{"href":"https:\/\/lt15concordia.com.ar\/index.php\/wp-json\/wp\/v2\/media?parent=60670"}],"wp:term":[{"taxonomy":"category","embeddable":true,"href":"https:\/\/lt15concordia.com.ar\/index.php\/wp-json\/wp\/v2\/categories?post=60670"},{"taxonomy":"post_tag","embeddable":true,"href":"https:\/\/lt15concordia.com.ar\/index.php\/wp-json\/wp\/v2\/tags?post=60670"}],"curies":[{"name":"wp","href":"https:\/\/api.w.org\/{rel}","templated":true}]}}