{"id":60666,"date":"2026-09-01T21:32:47","date_gmt":"2026-09-02T00:32:47","guid":{"rendered":"https:\/\/lt15concordia.com.ar\/?p=60666"},"modified":"2026-09-01T21:32:58","modified_gmt":"2026-09-02T00:32:58","slug":"la-inflacion-de-agosto-podria-ser-la-mas-baja-en-mas-de-un-ano","status":"publish","type":"post","link":"https:\/\/lt15concordia.com.ar\/index.php\/2026\/09\/01\/la-inflacion-de-agosto-podria-ser-la-mas-baja-en-mas-de-un-ano\/","title":{"rendered":"La inflaci\u00f3n de agosto podr\u00eda ser la m\u00e1s baja en m\u00e1s de un a\u00f1o"},"content":{"rendered":"<p>El dato llega la semana que viene y ya nadie en el Gobierno intenta disimular la expectativa: la inflaci\u00f3n de <strong>agosto<\/strong> podr\u00eda marcar <strong>1,6%<\/strong>, el registro m\u00e1s bajo en m\u00e1s de un a\u00f1o. La \u00faltima vez que el \u00edndice toc\u00f3 ese n\u00famero fue en <strong>junio de 2025<\/strong>. De ah\u00ed en m\u00e1s, fue escalada casi sin pausa hasta el pico de <strong>3,4% en marzo<\/strong>, y desde entonces el descenso fue lento pero sostenido.<\/p>\n<p>Las consultoras cerraron sus mediciones con n\u00fameros que van en la misma direcci\u00f3n. <strong>Eco Go<\/strong> proyecta <strong>1,5%<\/strong>; <strong>C&#038;T y OJF<\/strong>, <strong>1,6%<\/strong>; <strong>Analytica<\/strong>, <strong>1,7%<\/strong>; y <strong>Fiel<\/strong>, <strong>1,8%<\/strong>. El <strong>Relevamiento de Expectativas de Mercado del Banco Central<\/strong> arroja <strong>1,8%<\/strong>, pero en los despachos oficiales la cifra que circula es m\u00e1s optimista todav\u00eda: <strong>1,6%<\/strong>. En julio el \u00edndice hab\u00eda dado <strong>2,1%<\/strong>, con lo cual la desaceleraci\u00f3n ser\u00eda significativa.<\/p>\n<p>El secretario del Tesoro de <strong>Estados Unidos, Scott Bessent<\/strong>, le puso palabras al momento este martes: <strong>&#8220;Ahora estamos viendo c\u00f3mo baja la inflaci\u00f3n en Argentina&#8221;<\/strong>. Una frase que en la Casa Rosada no pas\u00f3 desapercibida. El ex presidente del <strong>Banco Central Guido Sandleris<\/strong> tiene una imagen para explicar el proceso: la desinflaci\u00f3n es como una pelota lanzada desde lo alto de una escalera, cae, rebota y sigue bajando. El rebote ya ocurri\u00f3. La pregunta es si el descenso ahora es definitivo.<\/p>\n<p>El Gobierno no lleg\u00f3 a este punto sin intervenir. Demor\u00f3 la publicaci\u00f3n del nuevo <strong>IPC del Indec<\/strong>, us\u00f3 herramientas de <strong>YPF<\/strong> para no trasladar los aumentos de las naftas en el peor momento de la escalada internacional, y vendi\u00f3 futuros para contener el tipo de cambio. Ahora que la inflaci\u00f3n cede, el interrogante es si relajar\u00e1 alguna de esas palancas. La actualizaci\u00f3n del <strong>IPC<\/strong>, por caso, es un compromiso asumido con el <strong>FMI<\/strong>.<\/p>\n<p>El desaf\u00edo de fondo no es nuevo: bajar la inflaci\u00f3n sin caer en recesi\u00f3n, sin atrasar el tipo de cambio y sin pisar tarifas indefinidamente. En ese equilibrio, el Gobierno tom\u00f3 algunos recaudos. La pol\u00edtica fiscal este a\u00f1o es marginalmente m\u00e1s laxa que en <strong>2024<\/strong>: el super\u00e1vit primario en t\u00e9rminos reales disminuy\u00f3, seg\u00fan el economista <strong>Nad\u00edn Arga\u00f1araz<\/strong>. La tasa de cauci\u00f3n baj\u00f3 al rango de <strong>20%-21%<\/strong> luego de haber llegado a <strong>28%<\/strong>, lo que implica m\u00e1s liquidez disponible para que las empresas paguen salarios de fin de mes. Y el tipo de cambio minorista se desliz\u00f3 a los <strong>$ 1.535<\/strong>.<\/p>\n<p>Lo que el Gobierno cuida con especial atenci\u00f3n es no repetir el error de 2025: volcar liquidez de m\u00e1s y alimentar una corrida cambiaria. La econom\u00eda argentina hoy crece a un ritmo significativamente menor al de hace un a\u00f1o y opera con una cantidad de dinero circulante que es <strong>15% m\u00e1s baja<\/strong> en t\u00e9rminos interanuales. Eso, en la l\u00f3gica oficial, es una se\u00f1al de eficiencia en el uso de los pesos, no de debilidad. Si la inflaci\u00f3n de agosto confirma el piso esperado, las consecuencias no ser\u00e1n solo econ\u00f3micas. Tambi\u00e9n ser\u00e1n, inevitablemente, pol\u00edticas.<\/p>\n<p><script type=\"application\/ld+json\">{\"@context\": \"https:\/\/schema.org\", \"@type\": \"NewsArticle\", \"headline\": \"La inflaci\u00f3n de agosto podr\u00eda ser la m\u00e1s baja en m\u00e1s de un a\u00f1o\", \"description\": \"El dato de agosto llegar\u00eda a 1,6% seg\u00fan consultoras y el propio Gobierno, el nivel m\u00e1s bajo desde junio de 2025. Milei prepara el festejo.\", \"datePublished\": \"2026-09-01T21:32:58-03:00\", \"dateModified\": \"2026-09-01T21:32:58-03:00\", \"inLanguage\": \"es-AR\", \"articleSection\": \"economia\", \"author\": {\"@type\": \"Organization\", \"name\": \"Redaccion LT15 Concordia\", \"url\": \"https:\/\/lt15concordia.com.ar\"}, \"publisher\": {\"@type\": \"Organization\", \"name\": \"LT15 Concordia\"}, \"mainEntityOfPage\": {\"@type\": \"WebPage\", \"@id\": \"https:\/\/lt15concordia.com.ar\/index.php\/2026\/09\/01\/la-inflacion-de-agosto-podria-ser-la-mas-baja-en-mas-de-un-ano\/\"}, \"image\": [\"https:\/\/www.clarin.com\/img\/2026\/08\/20\/gK8cDNak5_1200x630__1.jpg\"]}<\/script><\/p>\n","protected":false},"excerpt":{"rendered":"<p>El dato de agosto llegar\u00eda a 1,6% seg\u00fan consultoras y el propio Gobierno, el nivel m\u00e1s bajo desde junio de 2025. Milei prepara el festejo.<\/p>\n","protected":false},"author":5,"featured_media":60665,"comment_status":"closed","ping_status":"closed","sticky":false,"template":"","format":"standard","meta":{"footnotes":""},"categories":[89],"tags":[59,2386,96,97,2559,513],"_links":{"self":[{"href":"https:\/\/lt15concordia.com.ar\/index.php\/wp-json\/wp\/v2\/posts\/60666"}],"collection":[{"href":"https:\/\/lt15concordia.com.ar\/index.php\/wp-json\/wp\/v2\/posts"}],"about":[{"href":"https:\/\/lt15concordia.com.ar\/index.php\/wp-json\/wp\/v2\/types\/post"}],"author":[{"embeddable":true,"href":"https:\/\/lt15concordia.com.ar\/index.php\/wp-json\/wp\/v2\/users\/5"}],"replies":[{"embeddable":true,"href":"https:\/\/lt15concordia.com.ar\/index.php\/wp-json\/wp\/v2\/comments?post=60666"}],"version-history":[{"count":2,"href":"https:\/\/lt15concordia.com.ar\/index.php\/wp-json\/wp\/v2\/posts\/60666\/revisions"}],"predecessor-version":[{"id":60668,"href":"https:\/\/lt15concordia.com.ar\/index.php\/wp-json\/wp\/v2\/posts\/60666\/revisions\/60668"}],"wp:featuredmedia":[{"embeddable":true,"href":"https:\/\/lt15concordia.com.ar\/index.php\/wp-json\/wp\/v2\/media\/60665"}],"wp:attachment":[{"href":"https:\/\/lt15concordia.com.ar\/index.php\/wp-json\/wp\/v2\/media?parent=60666"}],"wp:term":[{"taxonomy":"category","embeddable":true,"href":"https:\/\/lt15concordia.com.ar\/index.php\/wp-json\/wp\/v2\/categories?post=60666"},{"taxonomy":"post_tag","embeddable":true,"href":"https:\/\/lt15concordia.com.ar\/index.php\/wp-json\/wp\/v2\/tags?post=60666"}],"curies":[{"name":"wp","href":"https:\/\/api.w.org\/{rel}","templated":true}]}}