{"id":60658,"date":"2026-09-01T21:30:53","date_gmt":"2026-09-02T00:30:53","guid":{"rendered":"https:\/\/lt15concordia.com.ar\/?p=60658"},"modified":"2026-09-01T21:31:05","modified_gmt":"2026-09-02T00:31:05","slug":"el-futbolista-que-se-desplomo-en-concordia-fue-extubado-y-esta-estable","status":"publish","type":"post","link":"https:\/\/lt15concordia.com.ar\/index.php\/2026\/09\/01\/el-futbolista-que-se-desplomo-en-concordia-fue-extubado-y-esta-estable\/","title":{"rendered":"El futbolista que se desplom\u00f3 en Concordia fue extubado y est\u00e1 estable"},"content":{"rendered":"<p>La noticia que hab\u00eda generado alarma en el ambiente futbol\u00edstico de <strong>Concordia<\/strong> empieza a tener un giro alentador. <strong>Gabriel Carrera<\/strong>, el joven de <strong>18 a\u00f1os<\/strong> que se desplom\u00f3 en pleno partido tras recibir un golpe, fue extubado y se encuentra <strong>l\u00facido y estable<\/strong>, seg\u00fan el parte m\u00e9dico del <strong>Hospital Masvernat<\/strong>.<\/p>\n<p>El incidente hab\u00eda sacudido a quienes estaban presentes en el encuentro. Carrera perdi\u00f3 el conocimiento en el campo de juego, una escena que nadie espera ver cuando el deporte deber\u00eda ser solo eso: deporte. La intervenci\u00f3n m\u00e9dica fue r\u00e1pida y el traslado al Masvernat result\u00f3 determinante para lo que vino despu\u00e9s.<\/p>\n<p>Ahora, con el joven fuera del respirador y respondiendo con lucidez, el cuadro cl\u00ednico marca una evoluci\u00f3n que sus seres cercanos y el mundo del f\u00fatbol local esperaban con angustia. <strong>Extubado y estable<\/strong> son dos palabras que, en estos casos, valen m\u00e1s que cualquier resultado en una cancha.<\/p>\n<p>El seguimiento m\u00e9dico contin\u00faa en el <strong>Hospital Masvernat de Concordia<\/strong>, donde el equipo de salud monitorea su recuperaci\u00f3n. La evoluci\u00f3n favorable abre la esperanza de que <strong>Gabriel Carrera<\/strong> pueda seguir adelante sin secuelas graves.<\/p>\n<p><script type=\"application\/ld+json\">{\"@context\": \"https:\/\/schema.org\", \"@type\": \"NewsArticle\", \"headline\": \"El futbolista que se desplom\u00f3 en Concordia fue extubado y est\u00e1 estable\", \"description\": \"Gabriel Carrera, de 18 a\u00f1os, evoluciona favorablemente tras perder el conocimiento en un partido. Fue extubado y se encuentra l\u00facido.\", \"datePublished\": \"2026-09-01T21:31:04-03:00\", \"dateModified\": \"2026-09-01T21:31:04-03:00\", \"inLanguage\": \"es-AR\", \"articleSection\": \"deportes\", \"author\": {\"@type\": \"Organization\", \"name\": \"Redaccion LT15 Concordia\", \"url\": \"https:\/\/lt15concordia.com.ar\"}, \"publisher\": {\"@type\": \"Organization\", \"name\": \"LT15 Concordia\"}, \"mainEntityOfPage\": {\"@type\": \"WebPage\", \"@id\": \"https:\/\/lt15concordia.com.ar\/index.php\/2026\/09\/01\/el-futbolista-que-se-desplomo-en-concordia-fue-extubado-y-esta-estable\/\"}, \"image\": [\"https:\/\/elonce-media.elonce.com\/fotos\/2026\/09\/01\/m_1788306185_55145.webp\"]}<\/script><\/p>\n","protected":false},"excerpt":{"rendered":"<p>Gabriel Carrera, de 18 a\u00f1os, evoluciona favorablemente tras perder el conocimiento en un partido. Fue extubado y se encuentra l\u00facido.<\/p>\n","protected":false},"author":5,"featured_media":60657,"comment_status":"closed","ping_status":"closed","sticky":false,"template":"","format":"standard","meta":{"footnotes":""},"categories":[30,34],"tags":[41,146,4678,2830,87],"_links":{"self":[{"href":"https:\/\/lt15concordia.com.ar\/index.php\/wp-json\/wp\/v2\/posts\/60658"}],"collection":[{"href":"https:\/\/lt15concordia.com.ar\/index.php\/wp-json\/wp\/v2\/posts"}],"about":[{"href":"https:\/\/lt15concordia.com.ar\/index.php\/wp-json\/wp\/v2\/types\/post"}],"author":[{"embeddable":true,"href":"https:\/\/lt15concordia.com.ar\/index.php\/wp-json\/wp\/v2\/users\/5"}],"replies":[{"embeddable":true,"href":"https:\/\/lt15concordia.com.ar\/index.php\/wp-json\/wp\/v2\/comments?post=60658"}],"version-history":[{"count":2,"href":"https:\/\/lt15concordia.com.ar\/index.php\/wp-json\/wp\/v2\/posts\/60658\/revisions"}],"predecessor-version":[{"id":60660,"href":"https:\/\/lt15concordia.com.ar\/index.php\/wp-json\/wp\/v2\/posts\/60658\/revisions\/60660"}],"wp:featuredmedia":[{"embeddable":true,"href":"https:\/\/lt15concordia.com.ar\/index.php\/wp-json\/wp\/v2\/media\/60657"}],"wp:attachment":[{"href":"https:\/\/lt15concordia.com.ar\/index.php\/wp-json\/wp\/v2\/media?parent=60658"}],"wp:term":[{"taxonomy":"category","embeddable":true,"href":"https:\/\/lt15concordia.com.ar\/index.php\/wp-json\/wp\/v2\/categories?post=60658"},{"taxonomy":"post_tag","embeddable":true,"href":"https:\/\/lt15concordia.com.ar\/index.php\/wp-json\/wp\/v2\/tags?post=60658"}],"curies":[{"name":"wp","href":"https:\/\/api.w.org\/{rel}","templated":true}]}}