{"id":60654,"date":"2026-09-01T20:32:20","date_gmt":"2026-09-01T23:32:20","guid":{"rendered":"https:\/\/lt15concordia.com.ar\/?p=60654"},"modified":"2026-09-01T20:32:31","modified_gmt":"2026-09-01T23:32:31","slug":"nuevo-fiscal-de-cuentas-en-entre-rios-juro-baia-tras-46-anos-de-martinez-lacabe","status":"publish","type":"post","link":"https:\/\/lt15concordia.com.ar\/index.php\/2026\/09\/01\/nuevo-fiscal-de-cuentas-en-entre-rios-juro-baia-tras-46-anos-de-martinez-lacabe\/","title":{"rendered":"Nuevo Fiscal de Cuentas en Entre R\u00edos: jur\u00f3 Baia tras 46 a\u00f1os de Mart\u00ednez Lacabe"},"content":{"rendered":"<p>Un cambio de guardia en el control del gasto p\u00fablico entrerriano. El <strong>Tribunal de Cuentas de Entre R\u00edos<\/strong> formaliz\u00f3 este martes la asunci\u00f3n de <strong>Baia<\/strong> como nuevo Fiscal de Cuentas interino, en un acto que cerr\u00f3 tambi\u00e9n un cap\u00edtulo largo: el de la fiscal saliente, con <strong>46 a\u00f1os<\/strong> de trabajo en el organismo.<\/p>\n<p>El juramento se llev\u00f3 a cabo en el <strong>Sal\u00f3n de Actos del Tribunal<\/strong> y estuvo encabezado por el presidente del organismo, <strong>Diego Lara<\/strong>. Acompa\u00f1aron el acto los vocales <strong>Mar\u00eda de los \u00c1ngeles Moia<\/strong> y <strong>Gustavo Labriola<\/strong>, junto a fiscales, secretarios y otros funcionarios del cuerpo.<\/p>\n<p>Lara valor\u00f3 la trayectoria de <strong>Mart\u00ednez Lacabe<\/strong>, la fiscal saliente, y aclar\u00f3 que la designaci\u00f3n de Baia tiene car\u00e1cter <strong>interino<\/strong>: durar\u00e1 hasta que se concrete el concurso previsto para cubrir el cargo de forma definitiva. Un detalle que no es menor: significa que la transici\u00f3n no est\u00e1 cerrada, y que el organismo deber\u00e1 sostener un proceso de selecci\u00f3n en los pr\u00f3ximos meses.<\/p>\n<p>En su discurso, <strong>Baia<\/strong> agradeci\u00f3 la designaci\u00f3n y marc\u00f3 el eje de su gesti\u00f3n: el <strong>control de los recursos p\u00fablicos<\/strong> y el cumplimiento de las funciones constitucionales del Tribunal. Palabras que suenan a manual, pero que en el contexto de un organismo de fiscalizaci\u00f3n tienen peso concreto.<\/p>\n<p>El momento m\u00e1s emotivo fue para <strong>Mart\u00ednez Lacabe<\/strong>, quien recibi\u00f3 un reconocimiento institucional por sus <strong>46 a\u00f1os<\/strong> de servicio. Al despedirse, record\u00f3 que asumir la Fiscal\u00eda de Cuentas hab\u00eda representado en su momento un verdadero desaf\u00edo profesional. Casi cinco d\u00e9cadas en el mismo organismo no son una carrera: son una vida entera dedicada al control del Estado provincial.<\/p>\n<p>El Tribunal de Cuentas es el organismo constitucional encargado de fiscalizar el uso de los fondos p\u00fablicos en <strong>Entre R\u00edos<\/strong>. La Fiscal\u00eda de Cuentas, dentro de esa estructura, cumple un rol clave en el impulso de las causas y el control de legalidad. La cobertura interina del cargo mantiene operativa esa funci\u00f3n mientras avanza el concurso que definir\u00e1 qui\u00e9n lo ejercer\u00e1 de manera permanente.<\/p>\n<p><script type=\"application\/ld+json\">{\"@context\": \"https:\/\/schema.org\", \"@type\": \"NewsArticle\", \"headline\": \"Nuevo Fiscal de Cuentas en Entre R\u00edos: jur\u00f3 Baia tras 46 a\u00f1os de Mart\u00ednez Lacabe\", \"description\": \"El Tribunal de Cuentas de Entre R\u00edos puso en funciones a su nuevo Fiscal interino. La saliente recibi\u00f3 un reconocimiento por casi cinco d\u00e9cadas de trayectoria.\", \"datePublished\": \"2026-09-01T20:32:30-03:00\", \"dateModified\": \"2026-09-01T20:32:30-03:00\", \"inLanguage\": \"es-AR\", \"articleSection\": \"politica\", \"author\": {\"@type\": \"Organization\", \"name\": \"Redaccion LT15 Concordia\", \"url\": \"https:\/\/lt15concordia.com.ar\"}, \"publisher\": {\"@type\": \"Organization\", \"name\": \"LT15 Concordia\"}, \"mainEntityOfPage\": {\"@type\": \"WebPage\", \"@id\": \"https:\/\/lt15concordia.com.ar\/index.php\/2026\/09\/01\/nuevo-fiscal-de-cuentas-en-entre-rios-juro-baia-tras-46-anos-de-martinez-lacabe\/\"}, \"image\": [\"https:\/\/www.diariojunio.com.ar\/wp-content\/uploads\/2026\/09\/tribunal-de-cuentas-lara-labriola-etc.jpeg\"]}<\/script><\/p>\n","protected":false},"excerpt":{"rendered":"<p>El Tribunal de Cuentas de Entre R\u00edos puso en funciones a su nuevo Fiscal interino. La saliente recibi\u00f3 un reconocimiento por casi cinco d\u00e9cadas de trayectoria.<\/p>\n","protected":false},"author":5,"featured_media":60653,"comment_status":"closed","ping_status":"closed","sticky":false,"template":"","format":"standard","meta":{"footnotes":""},"categories":[37],"tags":[4676,63,4675,4677,4667],"_links":{"self":[{"href":"https:\/\/lt15concordia.com.ar\/index.php\/wp-json\/wp\/v2\/posts\/60654"}],"collection":[{"href":"https:\/\/lt15concordia.com.ar\/index.php\/wp-json\/wp\/v2\/posts"}],"about":[{"href":"https:\/\/lt15concordia.com.ar\/index.php\/wp-json\/wp\/v2\/types\/post"}],"author":[{"embeddable":true,"href":"https:\/\/lt15concordia.com.ar\/index.php\/wp-json\/wp\/v2\/users\/5"}],"replies":[{"embeddable":true,"href":"https:\/\/lt15concordia.com.ar\/index.php\/wp-json\/wp\/v2\/comments?post=60654"}],"version-history":[{"count":2,"href":"https:\/\/lt15concordia.com.ar\/index.php\/wp-json\/wp\/v2\/posts\/60654\/revisions"}],"predecessor-version":[{"id":60656,"href":"https:\/\/lt15concordia.com.ar\/index.php\/wp-json\/wp\/v2\/posts\/60654\/revisions\/60656"}],"wp:featuredmedia":[{"embeddable":true,"href":"https:\/\/lt15concordia.com.ar\/index.php\/wp-json\/wp\/v2\/media\/60653"}],"wp:attachment":[{"href":"https:\/\/lt15concordia.com.ar\/index.php\/wp-json\/wp\/v2\/media?parent=60654"}],"wp:term":[{"taxonomy":"category","embeddable":true,"href":"https:\/\/lt15concordia.com.ar\/index.php\/wp-json\/wp\/v2\/categories?post=60654"},{"taxonomy":"post_tag","embeddable":true,"href":"https:\/\/lt15concordia.com.ar\/index.php\/wp-json\/wp\/v2\/tags?post=60654"}],"curies":[{"name":"wp","href":"https:\/\/api.w.org\/{rel}","templated":true}]}}