{"id":60638,"date":"2026-09-01T19:31:01","date_gmt":"2026-09-01T22:31:01","guid":{"rendered":"https:\/\/lt15concordia.com.ar\/?p=60638"},"modified":"2026-09-01T19:31:12","modified_gmt":"2026-09-01T22:31:12","slug":"frigerio-impulsa-una-mesa-conjunta-por-la-crisis-de-tres-arroyos","status":"publish","type":"post","link":"https:\/\/lt15concordia.com.ar\/index.php\/2026\/09\/01\/frigerio-impulsa-una-mesa-conjunta-por-la-crisis-de-tres-arroyos\/","title":{"rendered":"Frigerio impulsa una mesa conjunta por la crisis de Tres Arroyos"},"content":{"rendered":"<p>La crisis de <strong>Granja Tres Arroyos<\/strong> ya no cabe en una sola provincia. Con plantas paralizadas en <strong>C\u00f3rdoba<\/strong>, suspensiones en <strong>Buenos Aires<\/strong> y despidos frescos en <strong>Concepci\u00f3n del Uruguay<\/strong>, el gobernador <strong>Rogelio Frigerio<\/strong> impuls\u00f3 la conformaci\u00f3n de una mesa de trabajo conjunta entre jurisdicciones para abordar una problem\u00e1tica que, a esta altura, tiene dimensi\u00f3n nacional.<\/p>\n<p>La iniciativa se conoci\u00f3 horas despu\u00e9s de que la <strong>Federaci\u00f3n de Trabajadores de Industrias de la Alimentaci\u00f3n (FTIA)<\/strong> denunciara nuevos despidos en la planta entrerriana y la paralizaci\u00f3n de la sede de <strong>Capit\u00e1n Sarmiento<\/strong>, en Buenos Aires, comunicada al personal <em>hasta nuevo aviso<\/em>. En C\u00f3rdoba, la planta <strong>Avex<\/strong> arrastra una prolongada detenci\u00f3n de actividades. El mapa del conflicto se expande y los trabajadores son los que ponen el cuerpo.<\/p>\n<p>Desde la Provincia fueron directos: la crisis tiene <strong>origen y responsabilidad en el propio grupo empresario<\/strong>. Son sus autoridades y accionistas quienes deben hacer todos los esfuerzos para preservar las unidades productivas y garantizar las fuentes de trabajo. El mensaje no deja mucho margen para la interpretaci\u00f3n.<\/p>\n<p>La <strong>FTIA<\/strong>, por su parte, fue m\u00e1s dura todav\u00eda. Se\u00f1al\u00f3 que la empresa <strong>&#8220;sigue al margen de la ley&#8221;<\/strong>, realizando acciones arbitrarias, sin acatar la conciliaci\u00f3n obligatoria vigente y desconociendo toda mesa de negociaci\u00f3n. Para el gremio, ese accionar no es descuido: es deliberado. Los trabajadores de Alimentaci\u00f3n apuntan directamente a un proceso de vaciamiento, con la empresa retirando capital productivo de sus plantas en lo que califican como un <strong>&#8220;accionar repudiable&#8221;<\/strong>.<\/p>\n<p>La posici\u00f3n de Entre R\u00edos es clara en sus l\u00edmites pero tambi\u00e9n en sus compromisos: las provincias no pueden reemplazar la responsabilidad de quienes conducen la empresa, pero s\u00ed pueden y deben intervenir para que una crisis empresarial no se transforme en una <strong>crisis social de mayor dimensi\u00f3n<\/strong>. El gobierno provincial asegura que viene asistiendo a los trabajadores afectados y manteniendo abiertos los canales institucionales.<\/p>\n<p>La magnitud del conflicto tambi\u00e9n se mide en movilizaci\u00f3n. La <strong>FTIA<\/strong>, junto a la <strong>Uni\u00f3n Obrera Molinera Argentina (UOMA)<\/strong>, la <strong>Federaci\u00f3n Gremial del Personal de la Industria de la Carne<\/strong> y la <strong>Uni\u00f3n Argentina de Trabajadores Rurales y Estibadores (UATRE)<\/strong>, anunci\u00f3 una marcha para el <strong>9 de septiembre<\/strong> ante la <strong>Secretar\u00eda de Trabajo de la Naci\u00f3n<\/strong>. El reclamo es concreto: defensa de las fuentes de trabajo, continuidad de la producci\u00f3n y participaci\u00f3n activa del Estado nacional.<\/p>\n<p>Las autoridades provinciales cerraron su postura con una advertencia dirigida a la empresa: <strong>Granja Tres Arroyos<\/strong> debe demostrar que est\u00e1 dispuesta a hacer todos los esfuerzos posibles para sostener su estructura productiva. Porque si no lo hace, ser\u00e1n los trabajadores y las comunidades donde se instalaron sus plantas quienes terminen pagando el costo de una crisis que ellos no generaron.<\/p>\n<p><script type=\"application\/ld+json\">{\"@context\": \"https:\/\/schema.org\", \"@type\": \"NewsArticle\", \"headline\": \"Frigerio impulsa una mesa conjunta por la crisis de Tres Arroyos\", \"description\": \"El gobierno entrerriano busca coordinar acciones ante los despidos y paralizaciones que afectan plantas en varias provincias.\", \"datePublished\": \"2026-09-01T19:31:11-03:00\", \"dateModified\": \"2026-09-01T19:31:11-03:00\", \"inLanguage\": \"es-AR\", \"articleSection\": \"economia\", \"author\": {\"@type\": \"Organization\", \"name\": \"Redaccion LT15 Concordia\", \"url\": \"https:\/\/lt15concordia.com.ar\"}, \"publisher\": {\"@type\": \"Organization\", \"name\": \"LT15 Concordia\"}, \"mainEntityOfPage\": {\"@type\": \"WebPage\", \"@id\": \"https:\/\/lt15concordia.com.ar\/index.php\/2026\/09\/01\/frigerio-impulsa-una-mesa-conjunta-por-la-crisis-de-tres-arroyos\/\"}, \"image\": [\"https:\/\/www.diariojunio.com.ar\/wp-content\/uploads\/2026\/08\/tres-arroyos-1024x683-1.webp\"]}<\/script><\/p>\n","protected":false},"excerpt":{"rendered":"<p>El gobierno entrerriano busca coordinar acciones ante los despidos y paralizaciones que afectan plantas en varias provincias.<\/p>\n","protected":false},"author":5,"featured_media":60637,"comment_status":"closed","ping_status":"closed","sticky":false,"template":"","format":"standard","meta":{"footnotes":""},"categories":[37],"tags":[50,2380,63,837,4671,3135],"_links":{"self":[{"href":"https:\/\/lt15concordia.com.ar\/index.php\/wp-json\/wp\/v2\/posts\/60638"}],"collection":[{"href":"https:\/\/lt15concordia.com.ar\/index.php\/wp-json\/wp\/v2\/posts"}],"about":[{"href":"https:\/\/lt15concordia.com.ar\/index.php\/wp-json\/wp\/v2\/types\/post"}],"author":[{"embeddable":true,"href":"https:\/\/lt15concordia.com.ar\/index.php\/wp-json\/wp\/v2\/users\/5"}],"replies":[{"embeddable":true,"href":"https:\/\/lt15concordia.com.ar\/index.php\/wp-json\/wp\/v2\/comments?post=60638"}],"version-history":[{"count":2,"href":"https:\/\/lt15concordia.com.ar\/index.php\/wp-json\/wp\/v2\/posts\/60638\/revisions"}],"predecessor-version":[{"id":60640,"href":"https:\/\/lt15concordia.com.ar\/index.php\/wp-json\/wp\/v2\/posts\/60638\/revisions\/60640"}],"wp:featuredmedia":[{"embeddable":true,"href":"https:\/\/lt15concordia.com.ar\/index.php\/wp-json\/wp\/v2\/media\/60637"}],"wp:attachment":[{"href":"https:\/\/lt15concordia.com.ar\/index.php\/wp-json\/wp\/v2\/media?parent=60638"}],"wp:term":[{"taxonomy":"category","embeddable":true,"href":"https:\/\/lt15concordia.com.ar\/index.php\/wp-json\/wp\/v2\/categories?post=60638"},{"taxonomy":"post_tag","embeddable":true,"href":"https:\/\/lt15concordia.com.ar\/index.php\/wp-json\/wp\/v2\/tags?post=60638"}],"curies":[{"name":"wp","href":"https:\/\/api.w.org\/{rel}","templated":true}]}}