{"id":60634,"date":"2026-09-01T18:32:35","date_gmt":"2026-09-01T21:32:35","guid":{"rendered":"https:\/\/lt15concordia.com.ar\/?p=60634"},"modified":"2026-09-01T18:32:46","modified_gmt":"2026-09-01T21:32:46","slug":"casaretto-quiere-gobernar-entre-rios-le-piden-que-explique-su-paso-por-ater","status":"publish","type":"post","link":"https:\/\/lt15concordia.com.ar\/index.php\/2026\/09\/01\/casaretto-quiere-gobernar-entre-rios-le-piden-que-explique-su-paso-por-ater\/","title":{"rendered":"Casaretto quiere gobernar Entre R\u00edos: le piden que explique su paso por ATER"},"content":{"rendered":"<p>Querer gobernar una provincia tiene un precio: rendir cuentas por lo que ya se gestion\u00f3. Eso es, en s\u00edntesis, lo que el senador <strong>Dal Mol\u00edn<\/strong> le plantea a <strong>Jorge Casaretto<\/strong>, quien viene declarando p\u00fablicamente su aspiraci\u00f3n de llegar a la gobernaci\u00f3n de <strong>Entre R\u00edos<\/strong>.<\/p>\n<p>&#8220;Casaretto dice en los medios que quiere ser gobernador y que no le interesa ocupar ning\u00fan otro cargo. Est\u00e1 en todo su derecho de expresar una aspiraci\u00f3n pol\u00edtica, pero quien pretende administrar Entre R\u00edos tambi\u00e9n debe estar dispuesto a responder por las decisiones y los mecanismos de control que funcionaron durante el per\u00edodo en que estuvo al frente de <strong>ATER<\/strong>&#8220;, afirm\u00f3 Dal Mol\u00edn.<\/p>\n<p>El punto de tensi\u00f3n es concreto: <strong>Casaretto condujo la Administradora Tributaria de Entre R\u00edos entre 2011 y 2015<\/strong>, un per\u00edodo que la Justicia ya tiene bajo la lupa por compensaciones tributarias fraudulentas. Y ahora hay una nueva denuncia que complica el panorama.<\/p>\n<p>La presentaci\u00f3n fue realizada por <strong>Mar\u00eda Estrella Mart\u00ednez de Yankelevich<\/strong>, exjefa del Departamento Despacho de ATER, quien reconoci\u00f3 su participaci\u00f3n en las maniobras mediante un <strong>juicio abreviado<\/strong>. En su denuncia sostiene que la escala de las operaciones irregulares exced\u00eda lo que pod\u00edan manejar empleados administrativos y que requer\u00eda intervenci\u00f3n de los niveles superiores del organismo. Una afirmaci\u00f3n que, si la Justicia la toma en serio, apunta directamente hacia la conducci\u00f3n de la \u00e9poca.<\/p>\n<p>&#8220;Estamos hablando de expedientes, resoluciones, modificaciones de cuentas tributarias y accesos inform\u00e1ticos. Casaretto debe explicar qu\u00e9 mecanismos de supervisi\u00f3n exist\u00edan durante su gesti\u00f3n, qu\u00e9 nivel de intervenci\u00f3n ten\u00eda la conducci\u00f3n sobre esas operaciones y qu\u00e9 informaci\u00f3n llegaba a las autoridades del organismo&#8221;, plante\u00f3 el senador.<\/p>\n<p>Dal Mol\u00edn tambi\u00e9n fue directo sobre el argumento que Casaretto viene usando como escudo: la denuncia que \u00e9l mismo present\u00f3 en <strong>2014<\/strong>. Para el legislador, ese antecedente no cierra ninguna investigaci\u00f3n. &#8220;Haber presentado aquella denuncia es un antecedente que deber\u00e1 valorar la Justicia, pero no alcanza por s\u00ed solo para cerrar cualquier otra l\u00ednea de investigaci\u00f3n. La nueva presentaci\u00f3n sostiene precisamente que aquella denuncia pudo haber sido utilizada para apartar las sospechas de la conducci\u00f3n&#8221;, remarc\u00f3.<\/p>\n<p>La pregunta que queda flotando es inc\u00f3moda: \u00bfpuede alguien aspirar a administrar una provincia sin antes dar respuestas sobre c\u00f3mo administr\u00f3 un organismo clave del Estado provincial? Dal Mol\u00edn cree que no. &#8220;Si Casaretto aspira a gobernar Entre R\u00edos, tiene que estar dispuesto tambi\u00e9n a explicar su gesti\u00f3n anterior y a que la Justicia determine si existieron fallas de control y responsabilidades en el funcionamiento de ATER&#8221;, cerr\u00f3 el senador. Casaretto no dio su versi\u00f3n sobre las nuevas acusaciones al cierre de esta nota.<\/p>\n<p><script type=\"application\/ld+json\">{\"@context\": \"https:\/\/schema.org\", \"@type\": \"NewsArticle\", \"headline\": \"Casaretto quiere gobernar Entre R\u00edos: le piden que explique su paso por ATER\", \"description\": \"El senador Dal Mol\u00edn exige que el exdirector de ATER responda por los mecanismos de control durante su gesti\u00f3n, en medio de una nueva denuncia judicial.\", \"datePublished\": \"2026-09-01T18:32:45-03:00\", \"dateModified\": \"2026-09-01T18:32:45-03:00\", \"inLanguage\": \"es-AR\", \"articleSection\": \"politica\", \"author\": {\"@type\": \"Organization\", \"name\": \"Redaccion LT15 Concordia\", \"url\": \"https:\/\/lt15concordia.com.ar\"}, \"publisher\": {\"@type\": \"Organization\", \"name\": \"LT15 Concordia\"}, \"mainEntityOfPage\": {\"@type\": \"WebPage\", \"@id\": \"https:\/\/lt15concordia.com.ar\/index.php\/2026\/09\/01\/casaretto-quiere-gobernar-entre-rios-le-piden-que-explique-su-paso-por-ater\/\"}, \"image\": [\"https:\/\/www.diariojunio.com.ar\/wp-content\/uploads\/2026\/09\/daL-MOLIN.jpg\"]}<\/script><\/p>\n","protected":false},"excerpt":{"rendered":"<p>El senador Dal Mol\u00edn exige que el exdirector de ATER responda por los mecanismos de control durante su gesti\u00f3n, en medio de una nueva denuncia judicial.<\/p>\n","protected":false},"author":5,"featured_media":60633,"comment_status":"closed","ping_status":"closed","sticky":false,"template":"","format":"standard","meta":{"footnotes":""},"categories":[37],"tags":[282,2968,2451,63,4670,3065],"_links":{"self":[{"href":"https:\/\/lt15concordia.com.ar\/index.php\/wp-json\/wp\/v2\/posts\/60634"}],"collection":[{"href":"https:\/\/lt15concordia.com.ar\/index.php\/wp-json\/wp\/v2\/posts"}],"about":[{"href":"https:\/\/lt15concordia.com.ar\/index.php\/wp-json\/wp\/v2\/types\/post"}],"author":[{"embeddable":true,"href":"https:\/\/lt15concordia.com.ar\/index.php\/wp-json\/wp\/v2\/users\/5"}],"replies":[{"embeddable":true,"href":"https:\/\/lt15concordia.com.ar\/index.php\/wp-json\/wp\/v2\/comments?post=60634"}],"version-history":[{"count":2,"href":"https:\/\/lt15concordia.com.ar\/index.php\/wp-json\/wp\/v2\/posts\/60634\/revisions"}],"predecessor-version":[{"id":60636,"href":"https:\/\/lt15concordia.com.ar\/index.php\/wp-json\/wp\/v2\/posts\/60634\/revisions\/60636"}],"wp:featuredmedia":[{"embeddable":true,"href":"https:\/\/lt15concordia.com.ar\/index.php\/wp-json\/wp\/v2\/media\/60633"}],"wp:attachment":[{"href":"https:\/\/lt15concordia.com.ar\/index.php\/wp-json\/wp\/v2\/media?parent=60634"}],"wp:term":[{"taxonomy":"category","embeddable":true,"href":"https:\/\/lt15concordia.com.ar\/index.php\/wp-json\/wp\/v2\/categories?post=60634"},{"taxonomy":"post_tag","embeddable":true,"href":"https:\/\/lt15concordia.com.ar\/index.php\/wp-json\/wp\/v2\/tags?post=60634"}],"curies":[{"name":"wp","href":"https:\/\/api.w.org\/{rel}","templated":true}]}}