{"id":60614,"date":"2026-09-01T17:33:30","date_gmt":"2026-09-01T20:33:30","guid":{"rendered":"https:\/\/lt15concordia.com.ar\/?p=60614"},"modified":"2026-09-01T17:33:40","modified_gmt":"2026-09-01T20:33:40","slug":"docentes-universitarios-van-al-paro-rechazaron-el-3-y-apuntan-a-la-corte","status":"publish","type":"post","link":"https:\/\/lt15concordia.com.ar\/index.php\/2026\/09\/01\/docentes-universitarios-van-al-paro-rechazaron-el-3-y-apuntan-a-la-corte\/","title":{"rendered":"Docentes universitarios van al paro: rechazaron el 3% y apuntan a la Corte"},"content":{"rendered":"<p>Un <strong>3%<\/strong>. Eso fue lo que el Gobierno puso sobre la mesa en la paritaria universitaria convocada por <strong>Capital Humano<\/strong>, y eso fue exactamente lo que los gremios rechazaron de plano. El resultado: <strong>paro nacional de 24 horas este mi\u00e9rcoles 2 de septiembre<\/strong>, con advertencia de nuevas medidas si el jueves no hay novedades concretas.<\/p>\n<p>La reuni\u00f3n, encabezada por el subsecretario de Pol\u00edticas Universitarias <strong>Alejandro \u00c1lvarez<\/strong>, reuni\u00f3 a representantes de <strong>FAGDUT, UDA, CONADU, CONADU Hist\u00f3rica y FEDUN<\/strong>, adem\u00e1s del presidente del CIN, <strong>Franco Bartolacci<\/strong>. La oferta oficial consolidada fue de un <strong>6% bimestral<\/strong>: el 3% sobre los salarios de septiembre m\u00e1s otro 3% ya comprometido para octubre desde las mesas de junio. Para los sindicatos, ese n\u00famero no cierra ni de cerca.<\/p>\n<p>Desde <strong>ADUBA<\/strong> y <strong>APUBA<\/strong> calculan que el atraso salarial acumulado ronda entre el <strong>25 y el 35%<\/strong>. No es un capricho gremial: hay una ley, la <strong>Ley 27.795 de Financiamiento Universitario<\/strong>, aprobada por el Congreso, vetada por el presidente <strong>Javier Milei<\/strong>, ratificada por la misma C\u00e1mara y luego avalada por la Justicia en <strong>tres instancias distintas<\/strong>, incluyendo la <strong>Corte Suprema<\/strong>, que orden\u00f3 acatar la cautelar sobre salarios y becas estudiantiles. Para los gremios, el 3% no es solo insuficiente: es una declaraci\u00f3n pol\u00edtica de que el Ejecutivo no piensa obedecer al Poder Judicial.<\/p>\n<p><strong>Emiliano Cagnacci<\/strong>, secretario general de ADUBA, fue directo al salir de la reuni\u00f3n: <strong>&#8220;Hoy no hubo acuerdo paritario. Una paritaria es un di\u00e1logo entre partes, y esto fue un mon\u00f3logo autoritario&#8221;<\/strong>. Cagnacci subray\u00f3 que cumplir con la ley y con el mandato de la Corte implica una recomposici\u00f3n de alrededor del <strong>30%<\/strong>, un n\u00famero que el Ejecutivo ni siquiera roz\u00f3. &#8220;El Poder Judicial inst\u00f3 al Gobierno a cumplir con la ley, y la Corte Suprema le orden\u00f3 acatar la cautelar. Sin embargo, ofrecen un 3% y le dan la espalda a la decisi\u00f3n judicial&#8221;, dispar\u00f3 el dirigente.<\/p>\n<p>El propio Cagnacci dej\u00f3 abierta la puerta al di\u00e1logo, pero con condiciones: tiene que ser serio, con disposici\u00f3n real de cumplir la ley. Por ahora, esa disposici\u00f3n no apareci\u00f3. El <strong>jueves<\/strong> los gremios se vuelven a reunir para evaluar si el conflicto escala o si hay alguna se\u00f1al del Gobierno que justifique bajar la tensi\u00f3n. Las universidades nacionales de todo el pa\u00eds esperan ese resultado.<\/p>\n<p><script type=\"application\/ld+json\">{\"@context\": \"https:\/\/schema.org\", \"@type\": \"NewsArticle\", \"headline\": \"Docentes universitarios van al paro: rechazaron el 3% y apuntan a la Corte\", \"description\": \"Los gremios universitarios rechazaron la oferta del 3% del Gobierno y anunciaron un paro nacional de 24 horas para este mi\u00e9rcoles. Reclaman una recomposici\u00f3n de hasta el 35%.\", \"datePublished\": \"2026-09-01T17:33:40-03:00\", \"dateModified\": \"2026-09-01T17:33:40-03:00\", \"inLanguage\": \"es-AR\", \"articleSection\": \"educacion\", \"author\": {\"@type\": \"Organization\", \"name\": \"Redaccion LT15 Concordia\", \"url\": \"https:\/\/lt15concordia.com.ar\"}, \"publisher\": {\"@type\": \"Organization\", \"name\": \"LT15 Concordia\"}, \"mainEntityOfPage\": {\"@type\": \"WebPage\", \"@id\": \"https:\/\/lt15concordia.com.ar\/index.php\/2026\/09\/01\/docentes-universitarios-van-al-paro-rechazaron-el-3-y-apuntan-a-la-corte\/\"}, \"image\": [\"https:\/\/elonce-media.elonce.com\/fotos\/2025\/11\/10\/m_1762816942_58805.webp\"]}<\/script><\/p>\n","protected":false},"excerpt":{"rendered":"<p>Los gremios universitarios rechazaron la oferta del 3% del Gobierno y anunciaron un paro nacional de 24 horas para este mi\u00e9rcoles. Reclaman una recomposici\u00f3n de hasta el 35%.<\/p>\n","protected":false},"author":5,"featured_media":60613,"comment_status":"closed","ping_status":"closed","sticky":false,"template":"","format":"standard","meta":{"footnotes":""},"categories":[89],"tags":[1751,1604,1635,513,192,3730],"_links":{"self":[{"href":"https:\/\/lt15concordia.com.ar\/index.php\/wp-json\/wp\/v2\/posts\/60614"}],"collection":[{"href":"https:\/\/lt15concordia.com.ar\/index.php\/wp-json\/wp\/v2\/posts"}],"about":[{"href":"https:\/\/lt15concordia.com.ar\/index.php\/wp-json\/wp\/v2\/types\/post"}],"author":[{"embeddable":true,"href":"https:\/\/lt15concordia.com.ar\/index.php\/wp-json\/wp\/v2\/users\/5"}],"replies":[{"embeddable":true,"href":"https:\/\/lt15concordia.com.ar\/index.php\/wp-json\/wp\/v2\/comments?post=60614"}],"version-history":[{"count":2,"href":"https:\/\/lt15concordia.com.ar\/index.php\/wp-json\/wp\/v2\/posts\/60614\/revisions"}],"predecessor-version":[{"id":60616,"href":"https:\/\/lt15concordia.com.ar\/index.php\/wp-json\/wp\/v2\/posts\/60614\/revisions\/60616"}],"wp:featuredmedia":[{"embeddable":true,"href":"https:\/\/lt15concordia.com.ar\/index.php\/wp-json\/wp\/v2\/media\/60613"}],"wp:attachment":[{"href":"https:\/\/lt15concordia.com.ar\/index.php\/wp-json\/wp\/v2\/media?parent=60614"}],"wp:term":[{"taxonomy":"category","embeddable":true,"href":"https:\/\/lt15concordia.com.ar\/index.php\/wp-json\/wp\/v2\/categories?post=60614"},{"taxonomy":"post_tag","embeddable":true,"href":"https:\/\/lt15concordia.com.ar\/index.php\/wp-json\/wp\/v2\/tags?post=60614"}],"curies":[{"name":"wp","href":"https:\/\/api.w.org\/{rel}","templated":true}]}}