{"id":60602,"date":"2026-09-01T17:05:25","date_gmt":"2026-09-01T20:05:25","guid":{"rendered":"https:\/\/lt15concordia.com.ar\/?p=60602"},"modified":"2026-09-01T17:05:37","modified_gmt":"2026-09-01T20:05:37","slug":"leandro-paredes-puso-en-duda-su-continuidad-en-la-seleccion-argentina","status":"publish","type":"post","link":"https:\/\/lt15concordia.com.ar\/index.php\/2026\/09\/01\/leandro-paredes-puso-en-duda-su-continuidad-en-la-seleccion-argentina\/","title":{"rendered":"Leandro Paredes puso en duda su continuidad en la Selecci\u00f3n Argentina"},"content":{"rendered":"\n<p><strong>\u201cSer\u00e1 dif\u00edcil que siga\u201d, afirm\u00f3 el mediocampista de Boca Juniors Leandro Paredes. Tambi\u00e9n habl\u00f3 sobre un posible encuentro despedida junto a Messi<\/strong><\/p>\n\n\n\n<p id=\"p-1788280263278-89440\">Leandro Paredes puso en duda su continuidad en la Selecci\u00f3n Argentina. En la previa del duelo entre Boca y V\u00e9lez por los octavos de final de la Copa Argentina el mediocampista reiter\u00f3 la posibilidad de dar un paso al costado en la Albiceleste, tal como hizo Lionel Messi, quien comunic\u00f3 su retiro mediante una carta.<\/p>\n\n\n\n<h2 class=\"wp-block-heading\" id=\"p-1788280284487-60293\"><strong>Las declaraciones de Leandro Paredes<\/strong><\/h2>\n\n\n\n<p id=\"p-1788280263278-60205\">\u201cVa a ser dif\u00edcil que siga por todo, por lo que dije en ese momento, por la suspensi\u00f3n, por la decisi\u00f3n de Leo (Messi). Sin \u00e9l va a ser dif\u00edcil que todo siga funcionando igual, entonces seguramente sea una decisi\u00f3n dif\u00edcil. Lo dije hace un tiempo, obviamente no lo habl\u00e9 con el entrenador (Lionel Scaloni), lo hablar\u00e9 con \u00e9l y seguramente sea dif\u00edcil la decisi\u00f3n que tome\u201d, expres\u00f3 ante los medios.<\/p>\n\n\n\n<p>Al ahondar en los argumentos que lo llevaron a replantearse su situaci\u00f3n en el seleccionado argentino, Paredes explic\u00f3: \u201cLa vara est\u00e1 muy alta y seguir compitiendo de esa manera, lograr cosas importantes va a ser dif\u00edcil. Creo que en este proceso hemos conseguido armar un grupo de personas y jugadores incre\u00edbles y en ese grupo ten\u00edamos a nuestro l\u00edder que era Leo. Que no est\u00e9 \u00e9l va a ser muy dif\u00edcil. Como dije reci\u00e9n: Hablar\u00e9 con el entrenador y ver\u00e9 qu\u00e9 decisi\u00f3n tomar\u201d.<\/p>\n\n\n\n<p id=\"p-1788280263278-37477\">\u201cFue dur\u00edsimo. Seguramente como lo ha recibido todo el pa\u00eds, todo el mundo del f\u00fatbol por lo que significa para el deporte, los jugadores y nuestro pa\u00eds. Como puse ayer en mi Instagram el legado de \u00e9l va a quedar para siempre, por lo que significa para nosotros, por lo que dej\u00f3, por no rendirse nunca, por demostrar que los sue\u00f1os se sufren, se persiguen, pero que al final se cumplen. Entonces, ese es legado m\u00e1s grande que nos deja\u201d, continu\u00f3 el jugador de 32 a\u00f1os.<\/p>\n\n\n\n<h2 class=\"wp-block-heading\" id=\"p-1788280353643-68458\">\u00bfPartido despedida junto a Messi?<\/h2>\n\n\n\n<p id=\"p-1788280263278-88076\">Luego, fue consultado por la posibilidad de realizar un partido despedida junto al rosarino: \u201cSiempre queremos jugar y soy uno de los que lo quiere tener siempre. Ha tomado una decisi\u00f3n que no quer\u00eda que se de, pero lleg\u00f3\u201d.<\/p>\n\n\n\n<p id=\"p-1788280263278-10526\">Por \u00faltimo, Paredes reiter\u00f3 que la decisi\u00f3n de Messi en decirle adi\u00f3s a la Selecci\u00f3n ya se hab\u00eda hablado: \u201cHab\u00eda sido sincero con nosotros, cuando est\u00e1bamos en los \u00faltimos d\u00edas del Mundial, que seguramente la final era su \u00faltimo partido. Nosotros lo sab\u00edamos pero no est\u00e1bamos preparados para eso. Tuvimos muchas charlas de estas cosas, pero duele por todo lo que significa \u00e9l para nosotros\u201d, concluy\u00f3 el campe\u00f3n del mundo.<\/p>\n\n\n\n<p>Fuente: Diario Uno de Entre R\u00edos<\/p>\n","protected":false},"excerpt":{"rendered":"<p>\u201cSer\u00e1 dif\u00edcil que siga\u201d, afirm\u00f3 el mediocampista de Boca Juniors Leandro Paredes. Tambi\u00e9n habl\u00f3 sobre un posible encuentro despedida junto a Messi Leandro Paredes puso en duda su continuidad en la Selecci\u00f3n Argentina. En la previa del duelo entre Boca y V\u00e9lez por los octavos de final de la Copa Argentina el mediocampista reiter\u00f3 la [&hellip;]<\/p>\n","protected":false},"author":5,"featured_media":60603,"comment_status":"open","ping_status":"open","sticky":false,"template":"","format":"standard","meta":{"footnotes":""},"categories":[34],"tags":[],"_links":{"self":[{"href":"https:\/\/lt15concordia.com.ar\/index.php\/wp-json\/wp\/v2\/posts\/60602"}],"collection":[{"href":"https:\/\/lt15concordia.com.ar\/index.php\/wp-json\/wp\/v2\/posts"}],"about":[{"href":"https:\/\/lt15concordia.com.ar\/index.php\/wp-json\/wp\/v2\/types\/post"}],"author":[{"embeddable":true,"href":"https:\/\/lt15concordia.com.ar\/index.php\/wp-json\/wp\/v2\/users\/5"}],"replies":[{"embeddable":true,"href":"https:\/\/lt15concordia.com.ar\/index.php\/wp-json\/wp\/v2\/comments?post=60602"}],"version-history":[{"count":1,"href":"https:\/\/lt15concordia.com.ar\/index.php\/wp-json\/wp\/v2\/posts\/60602\/revisions"}],"predecessor-version":[{"id":60604,"href":"https:\/\/lt15concordia.com.ar\/index.php\/wp-json\/wp\/v2\/posts\/60602\/revisions\/60604"}],"wp:featuredmedia":[{"embeddable":true,"href":"https:\/\/lt15concordia.com.ar\/index.php\/wp-json\/wp\/v2\/media\/60603"}],"wp:attachment":[{"href":"https:\/\/lt15concordia.com.ar\/index.php\/wp-json\/wp\/v2\/media?parent=60602"}],"wp:term":[{"taxonomy":"category","embeddable":true,"href":"https:\/\/lt15concordia.com.ar\/index.php\/wp-json\/wp\/v2\/categories?post=60602"},{"taxonomy":"post_tag","embeddable":true,"href":"https:\/\/lt15concordia.com.ar\/index.php\/wp-json\/wp\/v2\/tags?post=60602"}],"curies":[{"name":"wp","href":"https:\/\/api.w.org\/{rel}","templated":true}]}}