{"id":60598,"date":"2026-09-01T17:01:24","date_gmt":"2026-09-01T20:01:24","guid":{"rendered":"https:\/\/lt15concordia.com.ar\/?p=60598"},"modified":"2026-09-01T17:01:41","modified_gmt":"2026-09-01T20:01:41","slug":"javier-milei-hablara-en-cadena-nacional-el-jueves-sobre-el-tema-malvinas","status":"publish","type":"post","link":"https:\/\/lt15concordia.com.ar\/index.php\/2026\/09\/01\/javier-milei-hablara-en-cadena-nacional-el-jueves-sobre-el-tema-malvinas\/","title":{"rendered":"Javier Milei hablar\u00e1 en cadena nacional el jueves sobre el tema Malvinas"},"content":{"rendered":"\n<p><strong>El presidente Javier Milei brindar\u00e1 un mensaje para contar a la poblaci\u00f3n los avances diplom\u00e1ticos sobre la discusi\u00f3n de la soberan\u00eda de las islas Malvinas<\/strong><\/p>\n\n\n\n<p id=\"p-1788281461353-26827\">El presidente Javier Milei encabez\u00f3 este martes una nueva reuni\u00f3n de Gabinete en Casa Rosada, donde se resolvi\u00f3 que el pr\u00f3ximo jueves brindar\u00e1 un mensaje en cadena nacional para contar detalles de los &#8220;avances diplom\u00e1ticos&#8221; en relaci\u00f3n a la cuesti\u00f3n Malvinas.<\/p>\n\n\n\n<p>As\u00ed lo se\u00f1alaron fuentes oficiales luego del encuentro. Tras abordar el art\u00edculo que redact\u00f3 el ministro de Desregulaci\u00f3n y Transformaci\u00f3n del Estado, Federico Sturzenegger, en el que realiz\u00f3 una comparativa entre los hitos de la gesti\u00f3n y la tarea period\u00edstica, el equipo convers\u00f3 en torno a la causa de Malvinas.<\/p>\n\n\n\n<p>El encargado fue el ministro de Relaciones Exteriores, Pablo Quirno, quien expuso sobre la materia a ra\u00edz de la promesa del republicano Donald Trump, que advirti\u00f3 que &#8220;revisar\u00eda&#8221; su postura sobre el tema. &#8220;Siempre reviso todas las posiciones. Esa es apenas una entre muchas&#8221;, precis\u00f3 en declaraciones en el Despacho Oval ante la posibilidad de retirar el apoyo estadounidense a la soberan\u00eda brit\u00e1nica sobre las Malvinas, publica Noticias Argentinas.<\/p>\n\n\n\n<p id=\"p-1788281629960-78618\">Tras calificarlo como &#8220;algo muy fuerte&#8221;, el libertario cont\u00f3 que lo trasladar\u00eda a su equipo y resolvi\u00f3 encabezar una comunicaci\u00f3n hacia finales de semana. En otro pasaje del encuentro, el libertario analiz\u00f3 la evoluci\u00f3n de los indicadores del mercado laboral, la tasa de inflaci\u00f3n y lo que detecta como &#8220;el proceso de crecimiento&#8221; de la econom\u00eda.<\/p>\n\n\n\n<p id=\"p-1788281461353-63224\">Por su parte, cada titular de las distintas carteras realiz\u00f3 adem\u00e1s una breve descripci\u00f3n del estado de situaci\u00f3n, a excepci\u00f3n de Sandra Pettovello (Capital Humano) y Luis Caputo (Econom\u00eda), ambos ausentes. El ministro de Econom\u00eda se encuentra en Carolina del Norte (Estados Unidos), por la reuni\u00f3n del G20 de Finanzas.<\/p>\n\n\n\n<p id=\"p-1788281461353-6915\">Dieron asistencia el jefe de Gabinete, Diego Santilli, y los ministros Federico Sturzenegger (Desregulaci\u00f3n y Transformaci\u00f3n), Mario Lugones (Salud), Carlos Presti (Defensa), Alejandra Monteoliva (Seguridad), Juan Bautista Mahiques (Justicia) y Pablo Quirno (Relaciones Exteriores).<\/p>\n\n\n\n<p id=\"p-1788281461353-30017\">Tambi\u00e9n los secretarios Karina Milei (General de la Presidencia), Fabi\u00e1n Fern\u00e1ndez (Comunicaci\u00f3n y Prensa) y Mar\u00eda Ibarzabal Murphy (Legal y T\u00e9cnica). Completaron la n\u00f3mina el presidente de la C\u00e1mara de Diputados, Mart\u00edn Menem; la senadora nacional Patricia Bullrich; el vocero presidencial, Adri\u00e1n Ravier, y el asesor Santiago Caputo.<\/p>\n\n\n\n<p>Fuente: Diario Uno de Entre R\u00edos<\/p>\n","protected":false},"excerpt":{"rendered":"<p>El presidente Javier Milei brindar\u00e1 un mensaje para contar a la poblaci\u00f3n los avances diplom\u00e1ticos sobre la discusi\u00f3n de la soberan\u00eda de las islas Malvinas El presidente Javier Milei encabez\u00f3 este martes una nueva reuni\u00f3n de Gabinete en Casa Rosada, donde se resolvi\u00f3 que el pr\u00f3ximo jueves brindar\u00e1 un mensaje en cadena nacional para contar [&hellip;]<\/p>\n","protected":false},"author":5,"featured_media":60599,"comment_status":"open","ping_status":"open","sticky":false,"template":"","format":"standard","meta":{"footnotes":""},"categories":[89],"tags":[],"_links":{"self":[{"href":"https:\/\/lt15concordia.com.ar\/index.php\/wp-json\/wp\/v2\/posts\/60598"}],"collection":[{"href":"https:\/\/lt15concordia.com.ar\/index.php\/wp-json\/wp\/v2\/posts"}],"about":[{"href":"https:\/\/lt15concordia.com.ar\/index.php\/wp-json\/wp\/v2\/types\/post"}],"author":[{"embeddable":true,"href":"https:\/\/lt15concordia.com.ar\/index.php\/wp-json\/wp\/v2\/users\/5"}],"replies":[{"embeddable":true,"href":"https:\/\/lt15concordia.com.ar\/index.php\/wp-json\/wp\/v2\/comments?post=60598"}],"version-history":[{"count":1,"href":"https:\/\/lt15concordia.com.ar\/index.php\/wp-json\/wp\/v2\/posts\/60598\/revisions"}],"predecessor-version":[{"id":60601,"href":"https:\/\/lt15concordia.com.ar\/index.php\/wp-json\/wp\/v2\/posts\/60598\/revisions\/60601"}],"wp:featuredmedia":[{"embeddable":true,"href":"https:\/\/lt15concordia.com.ar\/index.php\/wp-json\/wp\/v2\/media\/60599"}],"wp:attachment":[{"href":"https:\/\/lt15concordia.com.ar\/index.php\/wp-json\/wp\/v2\/media?parent=60598"}],"wp:term":[{"taxonomy":"category","embeddable":true,"href":"https:\/\/lt15concordia.com.ar\/index.php\/wp-json\/wp\/v2\/categories?post=60598"},{"taxonomy":"post_tag","embeddable":true,"href":"https:\/\/lt15concordia.com.ar\/index.php\/wp-json\/wp\/v2\/tags?post=60598"}],"curies":[{"name":"wp","href":"https:\/\/api.w.org\/{rel}","templated":true}]}}