{"id":60588,"date":"2026-09-01T16:51:37","date_gmt":"2026-09-01T19:51:37","guid":{"rendered":"https:\/\/lt15concordia.com.ar\/?p=60588"},"modified":"2026-09-01T16:52:31","modified_gmt":"2026-09-01T19:52:31","slug":"papa-leon-xiv-en-argentina-donde-sera-la-misa-central-y-que-lugares-visitara","status":"publish","type":"post","link":"https:\/\/lt15concordia.com.ar\/index.php\/2026\/09\/01\/papa-leon-xiv-en-argentina-donde-sera-la-misa-central-y-que-lugares-visitara\/","title":{"rendered":"Papa Le\u00f3n XIV en Argentina: d\u00f3nde ser\u00e1 la misa central y qu\u00e9 lugares visitar\u00e1"},"content":{"rendered":"\n<p><strong>La visita del Papa Le\u00f3n XIV en Argentina tendr\u00e1 su misa central en el Monumento a los Espa\u00f1oles y tambi\u00e9n incluir\u00e1 una recorrida por la c\u00e1rcel de Devoto<\/strong><\/p>\n\n\n\n<p>La visita del Papa Le\u00f3n XIV en Argentina comenz\u00f3 a sumar definiciones sobre sus actividades centrales: la misa principal se celebrar\u00e1 en el Monumento a los Espa\u00f1oles, en Palermo, mientras que tambi\u00e9n qued\u00f3 prevista una recorrida por la c\u00e1rcel de Devoto. El pont\u00edfice estar\u00e1 en el pa\u00eds entre el 8 y el 11 de noviembre, con actividades en Buenos Aires, Luj\u00e1n y C\u00f3rdoba.<\/p>\n\n\n\n<p>El arzobispo de Buenos Aires, Jorge Garc\u00eda Cuerva, confirm\u00f3 que el espacio ubicado en Palermo concentrar\u00e1 dos de los acontecimientos que se proyectan como los m\u00e1s multitudinarios: la misa central y el encuentro del Papa con los j\u00f3venes. La elecci\u00f3n descart\u00f3 la utilizaci\u00f3n de estadios cerrados, principalmente por las limitaciones de capacidad, public\u00f3 Infobae.<\/p>\n\n\n\n<p id=\"p-1788284795535-14674\">Garc\u00eda Cuerva explic\u00f3 que se busc\u00f3 garantizar una convocatoria amplia y record\u00f3 que, durante una actividad similar realizada en Madrid, participaron cerca de 600.000 j\u00f3venes. \u201c\u00bfC\u00f3mo explic\u00e1bamos a todos los que no pod\u00edan entrar?\u201d, plante\u00f3 sobre la posibilidad de utilizar estadios con capacidad para unas 60.000 o 70.000 personas.<\/p>\n\n\n\n<h2 class=\"wp-block-heading\" id=\"p-1788284815122-11459\">C\u00f3mo ser\u00e1 la misa central del Papa<\/h2>\n\n\n\n<p id=\"p-1788284815122-47746\">De acuerdo con los primeros detalles de la organizaci\u00f3n, el escenario instalado en el Monumento a los Espa\u00f1oles estar\u00eda orientado hacia el norte, en direcci\u00f3n a la calle Olleros. No obstante, todav\u00eda quedaban aspectos t\u00e9cnicos por definir.<\/p>\n\n\n\n<p id=\"p-1788284815122-53951\">La decisi\u00f3n de realizar la misa y el encuentro juvenil en el mismo lugar tambi\u00e9n respondi\u00f3 a una cuesti\u00f3n econ\u00f3mica. Garc\u00eda Cuerva se\u00f1al\u00f3 que reutilizar escenario, pantallas, sonido y dem\u00e1s infraestructura representar\u00e1 \u201cun mensaje claro de austeridad\u201d.<\/p>\n\n\n\n<p id=\"p-1788284815122-83110\">Los gastos relacionados con la infraestructura prevista en la Ciudad de Buenos Aires estar\u00e1n a cargo del Gobierno nacional y del Ejecutivo porte\u00f1o, que trabajan en conjunto con la organizaci\u00f3n eclesi\u00e1stica para preparar las actividades.<\/p>\n\n\n\n<h2 class=\"wp-block-heading\" id=\"p-1788285271268-49041\">El Papa Le\u00f3n XIV visitar\u00e1 la c\u00e1rcel de Devoto<\/h2>\n\n\n\n<p id=\"p-1788284841078-47941\">Otro de los puntos destacados de la agenda ser\u00e1 la visita a la c\u00e1rcel de Devoto. La actividad ya hab\u00eda sido incorporada durante una avanzada vaticana anterior y se realizar\u00e1 antes del viaje del pont\u00edfice hacia la Bas\u00edlica de Luj\u00e1n.<\/p>\n\n\n\n<p id=\"p-1788284841078-3008\">Garc\u00eda Cuerva vincul\u00f3 la elecci\u00f3n con la importancia que Le\u00f3n XIV le asign\u00f3 a la pastoral carcelaria. El propio arzobispo porte\u00f1o posee responsabilidades internacionales en esa \u00e1rea por designaci\u00f3n pontificia y record\u00f3 anteriores visitas del Papa a establecimientos penitenciarios.<\/p>\n\n\n\n<p id=\"p-1788284841079-99772\">El programa, sujeto a la aprobaci\u00f3n definitiva de la Santa Sede, tambi\u00e9n contempl\u00f3 una visita al Cotolengo de Claypole. Adem\u00e1s, se proyect\u00f3 un encuentro ecum\u00e9nico e interreligioso en el Palacio San Mart\u00edn.<\/p>\n\n\n\n<h2 class=\"wp-block-heading\" id=\"p-1788285124669-42806\">Homenaje a San Mart\u00edn y operativo de seguridad<\/h2>\n\n\n\n<p id=\"p-1788284859757-83568\">Como parte de su condici\u00f3n de jefe de Estado del Vaticano, Le\u00f3n XIV rendir\u00e1 homenaje al general Jos\u00e9 de San Mart\u00edn en la plaza que lleva su nombre. La actividad integrar\u00e1 el cap\u00edtulo institucional de una visita que combinar\u00e1 encuentros religiosos, sociales y protocolares.<\/p>\n\n\n\n<p id=\"p-1788284859757-33388\">Mientras se termina de definir el itinerario, una avanzada del Vaticano trabaja con las autoridades argentinas en los aspectos log\u00edsticos y de seguridad. La delegaci\u00f3n est\u00e1 encabezada por monse\u00f1or Salas, sacerdote mexicano perteneciente a la Secretar\u00eda de Estado vaticana y con experiencia en la organizaci\u00f3n de viajes apost\u00f3licos.<\/p>\n\n\n\n<p id=\"p-1788284859757-52078\">El grupo incluye integrantes de la Guardia Suiza y de la Gendarmer\u00eda Italiana. Garc\u00eda Cuerva destac\u00f3 adem\u00e1s el trabajo coordinado entre Naci\u00f3n, Ciudad de Buenos Aires y las provincias involucradas. \u201cLa visita del Santo Padre ya est\u00e1 generando buenos frutos porque nos est\u00e1 sentando en una misma mesa\u201d, sostuvo.<\/p>\n\n\n\n<h2 class=\"wp-block-heading\" id=\"p-1788284887452-19665\">Dos Papam\u00f3viles para la visita<\/h2>\n\n\n\n<p id=\"p-1788284887452-80859\">Entre los elementos evaluados para los desplazamientos aparecieron dos Papam\u00f3viles, uno destinado a las actividades en Buenos Aires y otro para C\u00f3rdoba. Seg\u00fan adelant\u00f3 el arzobispo, los veh\u00edculos ser\u00edan provistos por Toyota, aunque restaba la confirmaci\u00f3n definitiva.<\/p>\n\n\n\n<p id=\"p-1788284887452-87846\">El itinerario seguir\u00e1 sujeto a modificaciones hasta recibir la aprobaci\u00f3n final del Vaticano. Garc\u00eda Cuerva reconoci\u00f3 sentirse \u201cmuy nervioso\u201d por la responsabilidad de organizar una visita de estas caracter\u00edsticas y remarc\u00f3 que la \u00faltima palabra sobre cada actividad corresponder\u00e1 a la Santa Sede.<\/p>\n\n\n\n<p id=\"p-1788284887452-12593\">De esta manera, el viaje de Le\u00f3n XIV comenz\u00f3 a tomar forma con el Monumento a los Espa\u00f1oles como epicentro de las convocatorias multitudinarias y la c\u00e1rcel de Devoto entre las visitas de car\u00e1cter social. Durante cuatro d\u00edas, el pont\u00edfice desarrollar\u00e1 una agenda que combinar\u00e1 celebraciones religiosas, encuentros institucionales y actividades vinculadas con diferentes sectores de la comunidad.<\/p>\n\n\n\n<p>Fuente: Diario Uno de Entre R\u00edos<\/p>\n","protected":false},"excerpt":{"rendered":"<p>La visita del Papa Le\u00f3n XIV en Argentina tendr\u00e1 su misa central en el Monumento a los Espa\u00f1oles y tambi\u00e9n incluir\u00e1 una recorrida por la c\u00e1rcel de Devoto La visita del Papa Le\u00f3n XIV en Argentina comenz\u00f3 a sumar definiciones sobre sus actividades centrales: la misa principal se celebrar\u00e1 en el Monumento a los Espa\u00f1oles, [&hellip;]<\/p>\n","protected":false},"author":5,"featured_media":60589,"comment_status":"open","ping_status":"open","sticky":false,"template":"","format":"standard","meta":{"footnotes":""},"categories":[89],"tags":[],"_links":{"self":[{"href":"https:\/\/lt15concordia.com.ar\/index.php\/wp-json\/wp\/v2\/posts\/60588"}],"collection":[{"href":"https:\/\/lt15concordia.com.ar\/index.php\/wp-json\/wp\/v2\/posts"}],"about":[{"href":"https:\/\/lt15concordia.com.ar\/index.php\/wp-json\/wp\/v2\/types\/post"}],"author":[{"embeddable":true,"href":"https:\/\/lt15concordia.com.ar\/index.php\/wp-json\/wp\/v2\/users\/5"}],"replies":[{"embeddable":true,"href":"https:\/\/lt15concordia.com.ar\/index.php\/wp-json\/wp\/v2\/comments?post=60588"}],"version-history":[{"count":1,"href":"https:\/\/lt15concordia.com.ar\/index.php\/wp-json\/wp\/v2\/posts\/60588\/revisions"}],"predecessor-version":[{"id":60590,"href":"https:\/\/lt15concordia.com.ar\/index.php\/wp-json\/wp\/v2\/posts\/60588\/revisions\/60590"}],"wp:featuredmedia":[{"embeddable":true,"href":"https:\/\/lt15concordia.com.ar\/index.php\/wp-json\/wp\/v2\/media\/60589"}],"wp:attachment":[{"href":"https:\/\/lt15concordia.com.ar\/index.php\/wp-json\/wp\/v2\/media?parent=60588"}],"wp:term":[{"taxonomy":"category","embeddable":true,"href":"https:\/\/lt15concordia.com.ar\/index.php\/wp-json\/wp\/v2\/categories?post=60588"},{"taxonomy":"post_tag","embeddable":true,"href":"https:\/\/lt15concordia.com.ar\/index.php\/wp-json\/wp\/v2\/tags?post=60588"}],"curies":[{"name":"wp","href":"https:\/\/api.w.org\/{rel}","templated":true}]}}