{"id":60572,"date":"2026-09-01T16:34:59","date_gmt":"2026-09-01T19:34:59","guid":{"rendered":"https:\/\/lt15concordia.com.ar\/?p=60572"},"modified":"2026-09-01T16:35:10","modified_gmt":"2026-09-01T19:35:10","slug":"ferias-de-la-economia-social-y-emprendedores","status":"publish","type":"post","link":"https:\/\/lt15concordia.com.ar\/index.php\/2026\/09\/01\/ferias-de-la-economia-social-y-emprendedores\/","title":{"rendered":"Ferias de la econom\u00eda social y emprendedores"},"content":{"rendered":"\n<p><strong>La Municipalidad de Concordia, a trav\u00e9s de la Subsecretar\u00eda de Desarrollo y Emprendedurismo, invita a la comunidad a participar de las distintas propuestas de comercializaci\u00f3n y promoci\u00f3n de emprendedores de la econom\u00eda social que se desarrollar\u00e1n durante el mes de septiembre<\/strong><br>\u00a0<br>En la Plaza 25 de Mayo se llevar\u00e1 adelante la Feria de Emprendedores de la Econom\u00eda Social, con una amplia variedad de productos y propuestas elaboradas por emprendedores locales.<br>\u00a0<br>La feria se realizar\u00e1 los d\u00edas jueves 3 y viernes 4; mi\u00e9rcoles 9 y jueves 10; y mi\u00e9rcoles 16 y jueves 17 de septiembre, en el horario de 8:00 a 20:00 horas.<br>\u00a0<br>Asimismo, el domingo 6 de septiembre se realizar\u00e1 una nueva edici\u00f3n de la Feria Paseo del R\u00edo \u2013 Edici\u00f3n Invierno, una propuesta que re\u00fane a emprendedores y productores locales en un espacio al aire libre.<br>\u00a0<br>La actividad tendr\u00e1 lugar de 14:00 a 18:00 horas en el Parque San Carlos, en la zona de Belgrano y Arruabarrena.<br>\u00a0<br>Desde el Municipio se destac\u00f3 la importancia de continuar generando espacios de comercializaci\u00f3n que permitan a los emprendedores locales visibilizar sus productos, fortalecer sus iniciativas y promover el desarrollo de la econom\u00eda social en Concordia.<\/p>\n\n\n\n<p>Fuente: Municipalidad de Concordia<\/p>\n","protected":false},"excerpt":{"rendered":"<p>La Municipalidad de Concordia, a trav\u00e9s de la Subsecretar\u00eda de Desarrollo y Emprendedurismo, invita a la comunidad a participar de las distintas propuestas de comercializaci\u00f3n y promoci\u00f3n de emprendedores de la econom\u00eda social que se desarrollar\u00e1n durante el mes de septiembre\u00a0En la Plaza 25 de Mayo se llevar\u00e1 adelante la Feria de Emprendedores de la [&hellip;]<\/p>\n","protected":false},"author":5,"featured_media":60574,"comment_status":"open","ping_status":"open","sticky":false,"template":"","format":"standard","meta":{"footnotes":""},"categories":[30],"tags":[],"_links":{"self":[{"href":"https:\/\/lt15concordia.com.ar\/index.php\/wp-json\/wp\/v2\/posts\/60572"}],"collection":[{"href":"https:\/\/lt15concordia.com.ar\/index.php\/wp-json\/wp\/v2\/posts"}],"about":[{"href":"https:\/\/lt15concordia.com.ar\/index.php\/wp-json\/wp\/v2\/types\/post"}],"author":[{"embeddable":true,"href":"https:\/\/lt15concordia.com.ar\/index.php\/wp-json\/wp\/v2\/users\/5"}],"replies":[{"embeddable":true,"href":"https:\/\/lt15concordia.com.ar\/index.php\/wp-json\/wp\/v2\/comments?post=60572"}],"version-history":[{"count":1,"href":"https:\/\/lt15concordia.com.ar\/index.php\/wp-json\/wp\/v2\/posts\/60572\/revisions"}],"predecessor-version":[{"id":60575,"href":"https:\/\/lt15concordia.com.ar\/index.php\/wp-json\/wp\/v2\/posts\/60572\/revisions\/60575"}],"wp:featuredmedia":[{"embeddable":true,"href":"https:\/\/lt15concordia.com.ar\/index.php\/wp-json\/wp\/v2\/media\/60574"}],"wp:attachment":[{"href":"https:\/\/lt15concordia.com.ar\/index.php\/wp-json\/wp\/v2\/media?parent=60572"}],"wp:term":[{"taxonomy":"category","embeddable":true,"href":"https:\/\/lt15concordia.com.ar\/index.php\/wp-json\/wp\/v2\/categories?post=60572"},{"taxonomy":"post_tag","embeddable":true,"href":"https:\/\/lt15concordia.com.ar\/index.php\/wp-json\/wp\/v2\/tags?post=60572"}],"curies":[{"name":"wp","href":"https:\/\/api.w.org\/{rel}","templated":true}]}}