{"id":60566,"date":"2026-09-01T16:31:42","date_gmt":"2026-09-01T19:31:42","guid":{"rendered":"https:\/\/lt15concordia.com.ar\/?p=60566"},"modified":"2026-09-01T16:31:53","modified_gmt":"2026-09-01T19:31:53","slug":"entre-rios-regularizo-124000-hectareas-de-tierras-fiscales-que-estaban-en-negro","status":"publish","type":"post","link":"https:\/\/lt15concordia.com.ar\/index.php\/2026\/09\/01\/entre-rios-regularizo-124000-hectareas-de-tierras-fiscales-que-estaban-en-negro\/","title":{"rendered":"Entre R\u00edos regulariz\u00f3 124.000 hect\u00e1reas de tierras fiscales que estaban en negro"},"content":{"rendered":"<p>Durante a\u00f1os, decenas de miles de hect\u00e1reas de tierras que pertenecen a todos los entrerrianos estuvieron ocupadas sin control, sin registros y sin generar un solo peso para el Estado. <strong>124.000 hect\u00e1reas<\/strong> en negro, administradas por nadie, aprovechadas por algunos. Hoy, el gobierno provincial dice que eso cambi\u00f3.<\/p>\n<p>El <strong>Gobierno de Entre R\u00edos<\/strong> inform\u00f3 que regulariz\u00f3 el <strong>65% del total de la superficie de tierras fiscales de la provincia<\/strong>, a trav\u00e9s del programa de Regularizaci\u00f3n de la Ocupaci\u00f3n de las Tierras Fiscales. La medida, impulsada desde la gesti\u00f3n del gobernador <strong>Rogelio Frigerio<\/strong>, formaliz\u00f3 usos del suelo que hasta hace dos a\u00f1os eran irregulares o directamente clandestinos, y comenz\u00f3 a generar ingresos concretos para las arcas provinciales.<\/p>\n<p>El diagn\u00f3stico que encontr\u00f3 la actual administraci\u00f3n al asumir era contundente: <strong>pr\u00e1cticamente la totalidad de las tierras fiscales estaba ocupada de forma irregular<\/strong>, sin control efectivo y sin ning\u00fan tipo de retribuci\u00f3n al Estado. La gran mayor\u00eda de esos predios se concentran en el <strong>Delta entrerriano<\/strong>, especialmente en los departamentos de <strong>Gualeguay y Victoria<\/strong>.<\/p>\n<p><strong>Mauricio Colello<\/strong>, desde la Secretar\u00eda General de la Gobernaci\u00f3n, fue directo: <em>&#8220;Recuperar 124.000 hect\u00e1reas de tierras fiscales significa recuperar patrimonio que pertenece a todos los entrerrianos. Durante muchos a\u00f1os hubo falta de control y de informaci\u00f3n; hoy estamos avanzando hacia un Estado que cuida y defiende lo que es de todos&#8221;<\/em>.<\/p>\n<p>La herramienta central para potenciar este proceso es la <strong>Agencia Administradora de Bienes de la Provincia de Entre R\u00edos (Aabiper)<\/strong>, recientemente creada por el gobierno provincial. Su presidente, <strong>Eduardo Asueta<\/strong>, reconoci\u00f3 que todav\u00eda hay deuda pendiente: la provincia no cuenta con un inventario detallado de las caracter\u00edsticas productivas ni del valor locativo de cada uno de los <strong>200 lotes de propiedad provincial<\/strong>. Esa falta de informaci\u00f3n, admiti\u00f3, hace que los costos de los permisos de uso se fijen con criterios generales que no siempre reflejan la realidad, lo que implica un subaprovechamiento del patrimonio estatal.<\/p>\n<p>Asueta tambi\u00e9n adelant\u00f3 que se trabaja en un <strong>esquema p\u00fablico y transparente de administraci\u00f3n<\/strong> que permita a cualquier entrerriano saber qu\u00e9 se hace con cada inmueble provincial y participar en igualdad de condiciones en los contratos de uso oneroso del suelo. La meta declarada es llegar a regularizar la <strong>totalidad<\/strong> de las tierras fiscales de Entre R\u00edos. El camino recorrido es significativo; lo que falta, tambi\u00e9n.<\/p>\n<p><script type=\"application\/ld+json\">{\"@context\": \"https:\/\/schema.org\", \"@type\": \"NewsArticle\", \"headline\": \"Entre R\u00edos regulariz\u00f3 124.000 hect\u00e1reas de tierras fiscales que estaban en negro\", \"description\": \"El gobierno de Frigerio orden\u00f3 el 65% de las tierras fiscales provinciales que estaban ocupadas de forma irregular. La mayor\u00eda se ubica en el Delta.\", \"datePublished\": \"2026-09-01T16:31:53-03:00\", \"dateModified\": \"2026-09-01T16:31:53-03:00\", \"inLanguage\": \"es-AR\", \"articleSection\": \"politica\", \"author\": {\"@type\": \"Organization\", \"name\": \"Redaccion LT15 Concordia\", \"url\": \"https:\/\/lt15concordia.com.ar\"}, \"publisher\": {\"@type\": \"Organization\", \"name\": \"LT15 Concordia\"}, \"mainEntityOfPage\": {\"@type\": \"WebPage\", \"@id\": \"https:\/\/lt15concordia.com.ar\/index.php\/2026\/09\/01\/entre-rios-regularizo-124000-hectareas-de-tierras-fiscales-que-estaban-en-negro\/\"}, \"image\": [\"https:\/\/dosflorines.com.ar\/wp-content\/uploads\/2026\/08\/tierras-fiscales-vacas-bovinos.jpeg\"]}<\/script><\/p>\n","protected":false},"excerpt":{"rendered":"<p>El gobierno de Frigerio orden\u00f3 el 65% de las tierras fiscales provinciales que estaban ocupadas de forma irregular. La mayor\u00eda se ubica en el Delta.<\/p>\n","protected":false},"author":5,"featured_media":60565,"comment_status":"closed","ping_status":"closed","sticky":false,"template":"","format":"standard","meta":{"footnotes":""},"categories":[37],"tags":[2470,4420,63,837,4609,2710],"_links":{"self":[{"href":"https:\/\/lt15concordia.com.ar\/index.php\/wp-json\/wp\/v2\/posts\/60566"}],"collection":[{"href":"https:\/\/lt15concordia.com.ar\/index.php\/wp-json\/wp\/v2\/posts"}],"about":[{"href":"https:\/\/lt15concordia.com.ar\/index.php\/wp-json\/wp\/v2\/types\/post"}],"author":[{"embeddable":true,"href":"https:\/\/lt15concordia.com.ar\/index.php\/wp-json\/wp\/v2\/users\/5"}],"replies":[{"embeddable":true,"href":"https:\/\/lt15concordia.com.ar\/index.php\/wp-json\/wp\/v2\/comments?post=60566"}],"version-history":[{"count":2,"href":"https:\/\/lt15concordia.com.ar\/index.php\/wp-json\/wp\/v2\/posts\/60566\/revisions"}],"predecessor-version":[{"id":60568,"href":"https:\/\/lt15concordia.com.ar\/index.php\/wp-json\/wp\/v2\/posts\/60566\/revisions\/60568"}],"wp:featuredmedia":[{"embeddable":true,"href":"https:\/\/lt15concordia.com.ar\/index.php\/wp-json\/wp\/v2\/media\/60565"}],"wp:attachment":[{"href":"https:\/\/lt15concordia.com.ar\/index.php\/wp-json\/wp\/v2\/media?parent=60566"}],"wp:term":[{"taxonomy":"category","embeddable":true,"href":"https:\/\/lt15concordia.com.ar\/index.php\/wp-json\/wp\/v2\/categories?post=60566"},{"taxonomy":"post_tag","embeddable":true,"href":"https:\/\/lt15concordia.com.ar\/index.php\/wp-json\/wp\/v2\/tags?post=60566"}],"curies":[{"name":"wp","href":"https:\/\/api.w.org\/{rel}","templated":true}]}}