{"id":60546,"date":"2026-09-01T16:24:54","date_gmt":"2026-09-01T19:24:54","guid":{"rendered":"https:\/\/lt15concordia.com.ar\/?p=60546"},"modified":"2026-09-01T16:25:05","modified_gmt":"2026-09-01T19:25:05","slug":"la-sinfonica-de-entre-rios-se-presento-a-sala-llena-en-la-vieja-usina-2","status":"publish","type":"post","link":"https:\/\/lt15concordia.com.ar\/index.php\/2026\/09\/01\/la-sinfonica-de-entre-rios-se-presento-a-sala-llena-en-la-vieja-usina-2\/","title":{"rendered":"La Sinf\u00f3nica de Entre R\u00edos se present\u00f3 a sala llena en La Vieja Usina"},"content":{"rendered":"\n<p><strong>La Orquesta Sinf\u00f3nica provincial present\u00f3 en La Vieja Usina el estreno mundial de &#8220;El sue\u00f1o de Pigmali\u00f3n&#8221;, obra de Alejandro Civilotti. El repertorio incluy\u00f3 tambi\u00e9n piezas de Bruch y Brahms, con Javier Logioia Orbe como director invitado y el brit\u00e1nico Ashan Pillai como solista en viola. Organiz\u00f3 la Secretar\u00eda de Cultura de Entre R\u00edos con entrada libre y gratuita<\/strong><\/p>\n\n\n\n<p>Ante m\u00e1s de 400 personas que colmaron las instalaciones del centro cultural, y bajo la direcci\u00f3n art\u00edstica de Luis Gorelik, el evento inici\u00f3 a las 20 con las palabras de bienvenida del director invitado Javier Logioia Orbe, quien present\u00f3 las obras de la velada.<\/p>\n\n\n\n<figure class=\"wp-block-image size-full\"><img loading=\"lazy\" decoding=\"async\" width=\"1920\" height=\"1280\" src=\"https:\/\/lt15concordia.com.ar\/wp-content\/uploads\/2026\/09\/Sinfonica-Vieja-Usina-2.jpg\" alt=\"\" class=\"wp-image-60552\" srcset=\"https:\/\/lt15concordia.com.ar\/wp-content\/uploads\/2026\/09\/Sinfonica-Vieja-Usina-2.jpg 1920w, https:\/\/lt15concordia.com.ar\/wp-content\/uploads\/2026\/09\/Sinfonica-Vieja-Usina-2-300x200.jpg 300w, https:\/\/lt15concordia.com.ar\/wp-content\/uploads\/2026\/09\/Sinfonica-Vieja-Usina-2-768x512.jpg 768w, https:\/\/lt15concordia.com.ar\/wp-content\/uploads\/2026\/09\/Sinfonica-Vieja-Usina-2-1536x1024.jpg 1536w, https:\/\/lt15concordia.com.ar\/wp-content\/uploads\/2026\/09\/Sinfonica-Vieja-Usina-2-630x420.jpg 630w, https:\/\/lt15concordia.com.ar\/wp-content\/uploads\/2026\/09\/Sinfonica-Vieja-Usina-2-696x464.jpg 696w, https:\/\/lt15concordia.com.ar\/wp-content\/uploads\/2026\/09\/Sinfonica-Vieja-Usina-2-1068x712.jpg 1068w\" sizes=\"(max-width: 1920px) 100vw, 1920px\" \/><\/figure>\n\n\n\n<p>Seguidamente, el director anunci\u00f3 el estreno mundial de &#8220;El sue\u00f1o de Pigmali\u00f3n&#8221; una obra in\u00e9dita del compositor argentino Alejandro Civilotti, un creador multipremiado, autor de nueve sinfon\u00edas y m\u00faltiples \u00f3peras, residente desde hace varias d\u00e9cadas en Barcelona. Al respecto, destac\u00f3 el prestigio de contar en el escenario con el profesor Ashan Pillai para el abordaje de esta pieza, a la que defini\u00f3 como una obra extremadamente contempor\u00e1nea, psicol\u00f3gicamente compleja y representativa de la m\u00fasica del siglo XXI.<\/p>\n\n\n\n<p>Logioia Orbe manifest\u00f3 su alegr\u00eda por regresar a dirigir a Paran\u00e1 y el pa\u00eds: &#8220;Como soy residente permanente en Brasil, estoy muy agradecido por la invitaci\u00f3n y la recepci\u00f3n de la orquesta, con cuyos integrantes compartimos una fant\u00e1stica experiencia&#8221;. A su vez, el director valor\u00f3 el desaf\u00edo que represent\u00f3 la obra de Alejandro Civilotti junto al solista Ashan Pillai: &#8220;Tras 45 a\u00f1os de carrera, es una enorme alegr\u00eda dirigir por primera vez una obra de Civilotti, un autor extremadamente sensible e inteligente que escribe con gran sabidur\u00eda t\u00e9cnica&#8221;.<\/p>\n\n\n\n<p>Posteriormente, previo a la interpretaci\u00f3n de la Sinfon\u00eda N.\u00b0 2 Op. 73 del compositor alem\u00e1n Johannes Brahms, Logioia Orbe volvi\u00f3 a tomar la palabra para recordar la figura del maestro Pedro Ignacio Calder\u00f3n, &nbsp;nacido en Paran\u00e1 y considerado el director de orquesta m\u00e1s importante de la historia argentina, quien falleci\u00f3 semanas atr\u00e1s y realiz\u00f3 sus primeros a\u00f1os de carrera en la capital entrerriana.<\/p>\n\n\n\n<figure class=\"wp-block-image size-full\"><img loading=\"lazy\" decoding=\"async\" width=\"1920\" height=\"1280\" src=\"https:\/\/lt15concordia.com.ar\/wp-content\/uploads\/2026\/09\/Sinfonica-Vieja-Usina-1-PORTADA.jpg\" alt=\"\" class=\"wp-image-60554\" srcset=\"https:\/\/lt15concordia.com.ar\/wp-content\/uploads\/2026\/09\/Sinfonica-Vieja-Usina-1-PORTADA.jpg 1920w, https:\/\/lt15concordia.com.ar\/wp-content\/uploads\/2026\/09\/Sinfonica-Vieja-Usina-1-PORTADA-300x200.jpg 300w, https:\/\/lt15concordia.com.ar\/wp-content\/uploads\/2026\/09\/Sinfonica-Vieja-Usina-1-PORTADA-768x512.jpg 768w, https:\/\/lt15concordia.com.ar\/wp-content\/uploads\/2026\/09\/Sinfonica-Vieja-Usina-1-PORTADA-1536x1024.jpg 1536w, https:\/\/lt15concordia.com.ar\/wp-content\/uploads\/2026\/09\/Sinfonica-Vieja-Usina-1-PORTADA-630x420.jpg 630w, https:\/\/lt15concordia.com.ar\/wp-content\/uploads\/2026\/09\/Sinfonica-Vieja-Usina-1-PORTADA-696x464.jpg 696w, https:\/\/lt15concordia.com.ar\/wp-content\/uploads\/2026\/09\/Sinfonica-Vieja-Usina-1-PORTADA-1068x712.jpg 1068w\" sizes=\"(max-width: 1920px) 100vw, 1920px\" \/><\/figure>\n\n\n\n<figure class=\"wp-block-image size-full\"><img loading=\"lazy\" decoding=\"async\" width=\"1920\" height=\"1280\" src=\"https:\/\/lt15concordia.com.ar\/wp-content\/uploads\/2026\/09\/Sinfonica-Vieja-Usina-5.jpg\" alt=\"\" class=\"wp-image-60553\" srcset=\"https:\/\/lt15concordia.com.ar\/wp-content\/uploads\/2026\/09\/Sinfonica-Vieja-Usina-5.jpg 1920w, https:\/\/lt15concordia.com.ar\/wp-content\/uploads\/2026\/09\/Sinfonica-Vieja-Usina-5-300x200.jpg 300w, https:\/\/lt15concordia.com.ar\/wp-content\/uploads\/2026\/09\/Sinfonica-Vieja-Usina-5-768x512.jpg 768w, https:\/\/lt15concordia.com.ar\/wp-content\/uploads\/2026\/09\/Sinfonica-Vieja-Usina-5-1536x1024.jpg 1536w, https:\/\/lt15concordia.com.ar\/wp-content\/uploads\/2026\/09\/Sinfonica-Vieja-Usina-5-630x420.jpg 630w, https:\/\/lt15concordia.com.ar\/wp-content\/uploads\/2026\/09\/Sinfonica-Vieja-Usina-5-696x464.jpg 696w, https:\/\/lt15concordia.com.ar\/wp-content\/uploads\/2026\/09\/Sinfonica-Vieja-Usina-5-1068x712.jpg 1068w\" sizes=\"(max-width: 1920px) 100vw, 1920px\" \/><\/figure>\n\n\n\n<p>Masterclass de Ashan Pillai para m\u00fasicos y estudiantes<\/p>\n\n\n\n<p>En el marco de la preparaci\u00f3n del concierto y de las jornadas de ensayos previos, el viernes se realiz\u00f3 en La Vieja Usina una masterclass y charla abierta a cargo del solista invitado Ashan Pillai.<\/p>\n\n\n\n<p>La actividad estuvo dirigida a integrantes de la Orquesta Sinf\u00f3nica de Entre R\u00edos y a j\u00f3venes estudiantes de viola de la regi\u00f3n. Durante el encuentro, el violista brit\u00e1nico comparti\u00f3 sus experiencias y abord\u00f3 diversos aspectos de la vida profesional y art\u00edstica.<\/p>\n\n\n\n<p>Los asistentes dialogaron con el maestro sobre sus inicios en la carrera musical, el proceso de preparaci\u00f3n para el ingreso a conservatorios, la importancia de la concentraci\u00f3n, aspectos t\u00e9cnicos sobre la posici\u00f3n de los dedos y recomendaciones de estudio. Asimismo, el solista se refiri\u00f3 a las obras bisagra de su trayectoria, su inter\u00e9s por el arte a trav\u00e9s de la viola como v\u00eda de expresi\u00f3n, el camino dentro de la m\u00fasica de c\u00e1mara y el trabajo t\u00e9cnico sobre el sonido.<\/p>\n\n\n\n<p><strong>Pr\u00f3ximo concierto<\/strong><\/p>\n\n\n\n<p>La pr\u00f3xima presentaci\u00f3n de la Orquesta Sinf\u00f3nica de Entre R\u00edos tendr\u00e1 lugar el<strong> viernes 11 de septiembre a las 20 en el Centro Cultural Juan L. Ortiz (Blvd. Racedo 250, Paran\u00e1)<\/strong>, bajo la direcci\u00f3n de su director art\u00edstico Luis Gorelik y con la participaci\u00f3n de los solistas invitados Xavier Inchausti (viol\u00edn) y Silvina \u00c1lvarez (viola). El repertorio del concierto incluir\u00e1 la Sinfon\u00eda Concertante para viol\u00edn y viola K 364 de W. A. Mozart y la Sinfon\u00eda N.\u00b0 3 &#8220;Heroica&#8221; Op. 55 de L. V. Beethoven, en una funci\u00f3n organizada conjuntamente por la Secretar\u00eda de Cultura de Entre R\u00edos y la Municipalidad de Paran\u00e1, <strong>entrada libre y gratuita con acceso por orden de llegada.<\/strong><\/p>\n\n\n\n<p>Fuente: Gobierno de Entre R\u00edos<\/p>\n","protected":false},"excerpt":{"rendered":"<p>La Orquesta Sinf\u00f3nica provincial present\u00f3 en La Vieja Usina el estreno mundial de &#8220;El sue\u00f1o de Pigmali\u00f3n&#8221;, obra de Alejandro Civilotti. El repertorio incluy\u00f3 tambi\u00e9n piezas de Bruch y Brahms, con Javier Logioia Orbe como director invitado y el brit\u00e1nico Ashan Pillai como solista en viola. Organiz\u00f3 la Secretar\u00eda de Cultura de Entre R\u00edos con [&hellip;]<\/p>\n","protected":false},"author":5,"featured_media":60551,"comment_status":"open","ping_status":"open","sticky":false,"template":"","format":"standard","meta":{"footnotes":""},"categories":[37],"tags":[],"_links":{"self":[{"href":"https:\/\/lt15concordia.com.ar\/index.php\/wp-json\/wp\/v2\/posts\/60546"}],"collection":[{"href":"https:\/\/lt15concordia.com.ar\/index.php\/wp-json\/wp\/v2\/posts"}],"about":[{"href":"https:\/\/lt15concordia.com.ar\/index.php\/wp-json\/wp\/v2\/types\/post"}],"author":[{"embeddable":true,"href":"https:\/\/lt15concordia.com.ar\/index.php\/wp-json\/wp\/v2\/users\/5"}],"replies":[{"embeddable":true,"href":"https:\/\/lt15concordia.com.ar\/index.php\/wp-json\/wp\/v2\/comments?post=60546"}],"version-history":[{"count":1,"href":"https:\/\/lt15concordia.com.ar\/index.php\/wp-json\/wp\/v2\/posts\/60546\/revisions"}],"predecessor-version":[{"id":60557,"href":"https:\/\/lt15concordia.com.ar\/index.php\/wp-json\/wp\/v2\/posts\/60546\/revisions\/60557"}],"wp:featuredmedia":[{"embeddable":true,"href":"https:\/\/lt15concordia.com.ar\/index.php\/wp-json\/wp\/v2\/media\/60551"}],"wp:attachment":[{"href":"https:\/\/lt15concordia.com.ar\/index.php\/wp-json\/wp\/v2\/media?parent=60546"}],"wp:term":[{"taxonomy":"category","embeddable":true,"href":"https:\/\/lt15concordia.com.ar\/index.php\/wp-json\/wp\/v2\/categories?post=60546"},{"taxonomy":"post_tag","embeddable":true,"href":"https:\/\/lt15concordia.com.ar\/index.php\/wp-json\/wp\/v2\/tags?post=60546"}],"curies":[{"name":"wp","href":"https:\/\/api.w.org\/{rel}","templated":true}]}}