{"id":60545,"date":"2026-09-01T16:19:16","date_gmt":"2026-09-01T19:19:16","guid":{"rendered":"https:\/\/lt15concordia.com.ar\/?p=60545"},"modified":"2026-09-01T16:19:28","modified_gmt":"2026-09-01T19:19:28","slug":"el-gobierno-provincial-continua-promoviendo-herramientas-para-la-insercion-laboral-de-estudiantes","status":"publish","type":"post","link":"https:\/\/lt15concordia.com.ar\/index.php\/2026\/09\/01\/el-gobierno-provincial-continua-promoviendo-herramientas-para-la-insercion-laboral-de-estudiantes\/","title":{"rendered":"El gobierno provincial contin\u00faa promoviendo herramientas para la inserci\u00f3n laboral de estudiantes"},"content":{"rendered":"\n<p><strong>Equipos del Ministerio de Gobierno y Trabajo estuvieron en Villaguay en el marco del programa La Secretar\u00eda de Trabajo va a la Escuela, una iniciativa destinada a estudiantes pr\u00f3ximos a finalizar el secundario para brindarles herramientas concretas con las que afrontar su ingreso al mundo laboral<\/strong><\/p>\n\n\n\n<p>En esta oportunidad, m\u00e1s de 85 estudiantes del instituto La Inmaculada y del colegio Jes\u00fas Buen Pastor participaron de una jornada en la que recibieron orientaci\u00f3n sobre c\u00f3mo elaborar un curr\u00edculum vitae, prepararse para una entrevista laboral y realizar b\u00fasquedas de empleo a trav\u00e9s de plataformas digitales.<\/p>\n\n\n\n<p>La propuesta tambi\u00e9n incorpora nociones b\u00e1sicas sobre derechos laborales, empleo registrado, contratos, recibos de sueldo, licencias y seguridad y salud en el trabajo, con el objetivo de que las y los j\u00f3venes cuenten con informaci\u00f3n para desenvolverse de manera adecuada en sus primeras experiencias laborales.<\/p>\n\n\n\n<p>A trav\u00e9s de talleres y actividades participativas, el gobierno provincial acerca estas herramientas directamente a las escuelas y genera espacios para que sus estudiantes puedan realizar consultas y conocer sus derechos y obligaciones.<\/p>\n\n\n\n<p>El secretario de Trabajo y Seguridad Social, Mariano Camoirano, destac\u00f3 que &#8220;el objetivo es que los j\u00f3venes puedan afrontar su ingreso al mundo laboral con herramientas concretas, tanto para buscar y conseguir un empleo como para conocer sus derechos&#8221;.<\/p>\n\n\n\n<p>El funcionario remarc\u00f3 que la actividad se enmarca en las pol\u00edticas &#8220;impulsadas por el gobernador Rogelio Frigerio y el ministro de Gobierno y Trabajo, Manuel Troncoso, para acercar las pol\u00edticas p\u00fablicas al territorio y acompa\u00f1ar a los j\u00f3venes entrerrianos en su formaci\u00f3n y en la construcci\u00f3n de nuevas oportunidades laborales&#8221;.<\/p>\n\n\n\n<p>Participaron tambi\u00e9n el director general de Trabajo, Juan Pablo Irurueta, y el delegado departamental de Trabajo de Villaguay, Horacio Dimotta.<\/p>\n\n\n\n<figure class=\"wp-block-image size-full\"><img loading=\"lazy\" decoding=\"async\" width=\"1920\" height=\"1280\" src=\"https:\/\/lt15concordia.com.ar\/wp-content\/uploads\/2026\/09\/1-9-Villaguay-3-1.jpeg\" alt=\"\" class=\"wp-image-60548\" srcset=\"https:\/\/lt15concordia.com.ar\/wp-content\/uploads\/2026\/09\/1-9-Villaguay-3-1.jpeg 1920w, https:\/\/lt15concordia.com.ar\/wp-content\/uploads\/2026\/09\/1-9-Villaguay-3-1-300x200.jpeg 300w, https:\/\/lt15concordia.com.ar\/wp-content\/uploads\/2026\/09\/1-9-Villaguay-3-1-768x512.jpeg 768w, https:\/\/lt15concordia.com.ar\/wp-content\/uploads\/2026\/09\/1-9-Villaguay-3-1-1536x1024.jpeg 1536w, https:\/\/lt15concordia.com.ar\/wp-content\/uploads\/2026\/09\/1-9-Villaguay-3-1-630x420.jpeg 630w, https:\/\/lt15concordia.com.ar\/wp-content\/uploads\/2026\/09\/1-9-Villaguay-3-1-696x464.jpeg 696w, https:\/\/lt15concordia.com.ar\/wp-content\/uploads\/2026\/09\/1-9-Villaguay-3-1-1068x712.jpeg 1068w\" sizes=\"(max-width: 1920px) 100vw, 1920px\" \/><\/figure>\n\n\n\n<p>Fuente: Gobierno de Entre R\u00edos<\/p>\n","protected":false},"excerpt":{"rendered":"<p>Equipos del Ministerio de Gobierno y Trabajo estuvieron en Villaguay en el marco del programa La Secretar\u00eda de Trabajo va a la Escuela, una iniciativa destinada a estudiantes pr\u00f3ximos a finalizar el secundario para brindarles herramientas concretas con las que afrontar su ingreso al mundo laboral En esta oportunidad, m\u00e1s de 85 estudiantes del instituto [&hellip;]<\/p>\n","protected":false},"author":5,"featured_media":60549,"comment_status":"open","ping_status":"open","sticky":false,"template":"","format":"standard","meta":{"footnotes":""},"categories":[37],"tags":[],"_links":{"self":[{"href":"https:\/\/lt15concordia.com.ar\/index.php\/wp-json\/wp\/v2\/posts\/60545"}],"collection":[{"href":"https:\/\/lt15concordia.com.ar\/index.php\/wp-json\/wp\/v2\/posts"}],"about":[{"href":"https:\/\/lt15concordia.com.ar\/index.php\/wp-json\/wp\/v2\/types\/post"}],"author":[{"embeddable":true,"href":"https:\/\/lt15concordia.com.ar\/index.php\/wp-json\/wp\/v2\/users\/5"}],"replies":[{"embeddable":true,"href":"https:\/\/lt15concordia.com.ar\/index.php\/wp-json\/wp\/v2\/comments?post=60545"}],"version-history":[{"count":1,"href":"https:\/\/lt15concordia.com.ar\/index.php\/wp-json\/wp\/v2\/posts\/60545\/revisions"}],"predecessor-version":[{"id":60550,"href":"https:\/\/lt15concordia.com.ar\/index.php\/wp-json\/wp\/v2\/posts\/60545\/revisions\/60550"}],"wp:featuredmedia":[{"embeddable":true,"href":"https:\/\/lt15concordia.com.ar\/index.php\/wp-json\/wp\/v2\/media\/60549"}],"wp:attachment":[{"href":"https:\/\/lt15concordia.com.ar\/index.php\/wp-json\/wp\/v2\/media?parent=60545"}],"wp:term":[{"taxonomy":"category","embeddable":true,"href":"https:\/\/lt15concordia.com.ar\/index.php\/wp-json\/wp\/v2\/categories?post=60545"},{"taxonomy":"post_tag","embeddable":true,"href":"https:\/\/lt15concordia.com.ar\/index.php\/wp-json\/wp\/v2\/tags?post=60545"}],"curies":[{"name":"wp","href":"https:\/\/api.w.org\/{rel}","templated":true}]}}