{"id":60538,"date":"2026-09-01T16:15:43","date_gmt":"2026-09-01T19:15:43","guid":{"rendered":"https:\/\/lt15concordia.com.ar\/?p=60538"},"modified":"2026-09-01T16:16:02","modified_gmt":"2026-09-01T19:16:02","slug":"realizaran-trabajos-en-la-cabecera-santafesina-en-el-tunel-subfluvial","status":"publish","type":"post","link":"https:\/\/lt15concordia.com.ar\/index.php\/2026\/09\/01\/realizaran-trabajos-en-la-cabecera-santafesina-en-el-tunel-subfluvial\/","title":{"rendered":"Realizar\u00e1n trabajos en la cabecera santafesina en el T\u00fanel Subfluvial"},"content":{"rendered":"\n<p><strong>Se realizar\u00e1n trabajos en el T\u00fanel Subfluvial Ra\u00fal Uranga &#8211; Carlos Sylvestre los d\u00edas martes 1 y mi\u00e9rcoles 2 de septiembre, por lo cual se realizar\u00e1 una reducci\u00f3n de calzada con desv\u00edo de tr\u00e1nsito en la recta de Santa Fe, en ambos sentidos de circulaci\u00f3n<\/strong><\/p>\n\n\n\n<p>Por lo cual, se solicita a los conductores circular con precauci\u00f3n, atender las indicaciones del personal apostado en el lugar y respetar la se\u00f1alizaci\u00f3n transitoria.<\/p>\n\n\n\n<figure class=\"wp-block-image size-large\"><img loading=\"lazy\" decoding=\"async\" width=\"3072\" height=\"2304\" src=\"https:\/\/lt15concordia.com.ar\/wp-content\/uploads\/2026\/09\/IMG_9149-3072x2304.jpeg\" alt=\"\" class=\"wp-image-60542\" srcset=\"https:\/\/lt15concordia.com.ar\/wp-content\/uploads\/2026\/09\/IMG_9149-3072x2304.jpeg 3072w, https:\/\/lt15concordia.com.ar\/wp-content\/uploads\/2026\/09\/IMG_9149-300x225.jpeg 300w, https:\/\/lt15concordia.com.ar\/wp-content\/uploads\/2026\/09\/IMG_9149-768x576.jpeg 768w, https:\/\/lt15concordia.com.ar\/wp-content\/uploads\/2026\/09\/IMG_9149-1536x1152.jpeg 1536w, https:\/\/lt15concordia.com.ar\/wp-content\/uploads\/2026\/09\/IMG_9149-2048x1536.jpeg 2048w, https:\/\/lt15concordia.com.ar\/wp-content\/uploads\/2026\/09\/IMG_9149-560x420.jpeg 560w, https:\/\/lt15concordia.com.ar\/wp-content\/uploads\/2026\/09\/IMG_9149-80x60.jpeg 80w, https:\/\/lt15concordia.com.ar\/wp-content\/uploads\/2026\/09\/IMG_9149-696x522.jpeg 696w, https:\/\/lt15concordia.com.ar\/wp-content\/uploads\/2026\/09\/IMG_9149-1068x801.jpeg 1068w, https:\/\/lt15concordia.com.ar\/wp-content\/uploads\/2026\/09\/IMG_9149-1920x1440.jpeg 1920w\" sizes=\"(max-width: 3072px) 100vw, 3072px\" \/><\/figure>\n\n\n\n<p><br>Las tareas comprenden el perfilamiento de banquinas y del cantero central en el tramo de recta del lado santafesino. Se trata de una intervenci\u00f3n preventiva que permitir\u00e1 mejorar el drenaje lateral y evitar anegamientos en la calzada ante eventuales precipitaciones, garantizando mejores condiciones de seguridad vial.<\/p>\n\n\n\n<p><br>Por tal motivo, y a fin de resguardar la seguridad de los usuarios, se realizar\u00e1 una reducci\u00f3n de calzada con desv\u00edo de tr\u00e1nsito en la recta de Santa Fe, en ambos sentidos de circulaci\u00f3n.<\/p>\n\n\n\n<p><br>El T\u00fanel Subfluvial agradece la comprensi\u00f3n y colaboraci\u00f3n de los usuarios.<br>\u00a0<\/p>\n\n\n\n<p>Fuente: Gobierno de Entre R\u00edos<\/p>\n","protected":false},"excerpt":{"rendered":"<p>Se realizar\u00e1n trabajos en el T\u00fanel Subfluvial Ra\u00fal Uranga &#8211; Carlos Sylvestre los d\u00edas martes 1 y mi\u00e9rcoles 2 de septiembre, por lo cual se realizar\u00e1 una reducci\u00f3n de calzada con desv\u00edo de tr\u00e1nsito en la recta de Santa Fe, en ambos sentidos de circulaci\u00f3n Por lo cual, se solicita a los conductores circular con [&hellip;]<\/p>\n","protected":false},"author":5,"featured_media":60541,"comment_status":"open","ping_status":"open","sticky":false,"template":"","format":"standard","meta":{"footnotes":""},"categories":[37],"tags":[],"_links":{"self":[{"href":"https:\/\/lt15concordia.com.ar\/index.php\/wp-json\/wp\/v2\/posts\/60538"}],"collection":[{"href":"https:\/\/lt15concordia.com.ar\/index.php\/wp-json\/wp\/v2\/posts"}],"about":[{"href":"https:\/\/lt15concordia.com.ar\/index.php\/wp-json\/wp\/v2\/types\/post"}],"author":[{"embeddable":true,"href":"https:\/\/lt15concordia.com.ar\/index.php\/wp-json\/wp\/v2\/users\/5"}],"replies":[{"embeddable":true,"href":"https:\/\/lt15concordia.com.ar\/index.php\/wp-json\/wp\/v2\/comments?post=60538"}],"version-history":[{"count":1,"href":"https:\/\/lt15concordia.com.ar\/index.php\/wp-json\/wp\/v2\/posts\/60538\/revisions"}],"predecessor-version":[{"id":60544,"href":"https:\/\/lt15concordia.com.ar\/index.php\/wp-json\/wp\/v2\/posts\/60538\/revisions\/60544"}],"wp:featuredmedia":[{"embeddable":true,"href":"https:\/\/lt15concordia.com.ar\/index.php\/wp-json\/wp\/v2\/media\/60541"}],"wp:attachment":[{"href":"https:\/\/lt15concordia.com.ar\/index.php\/wp-json\/wp\/v2\/media?parent=60538"}],"wp:term":[{"taxonomy":"category","embeddable":true,"href":"https:\/\/lt15concordia.com.ar\/index.php\/wp-json\/wp\/v2\/categories?post=60538"},{"taxonomy":"post_tag","embeddable":true,"href":"https:\/\/lt15concordia.com.ar\/index.php\/wp-json\/wp\/v2\/tags?post=60538"}],"curies":[{"name":"wp","href":"https:\/\/api.w.org\/{rel}","templated":true}]}}