{"id":60529,"date":"2026-09-01T16:10:17","date_gmt":"2026-09-01T19:10:17","guid":{"rendered":"https:\/\/lt15concordia.com.ar\/?p=60529"},"modified":"2026-09-01T16:10:28","modified_gmt":"2026-09-01T19:10:28","slug":"promueven-herramientas-de-desarrollo-productivo-para-productores-y-cooperativas-apicolas","status":"publish","type":"post","link":"https:\/\/lt15concordia.com.ar\/index.php\/2026\/09\/01\/promueven-herramientas-de-desarrollo-productivo-para-productores-y-cooperativas-apicolas\/","title":{"rendered":"Promueven herramientas de desarrollo productivo para productores y cooperativas ap\u00edcolas"},"content":{"rendered":"\n<p><strong>El Gobierno de Entre R\u00edos inici\u00f3 un ciclo de charlas informativas sobre el Programa de Desarrollo Productivo del Sector Ap\u00edcola, que contempla inversiones en infraestructura, equipamiento y capacitaciones para fortalecer la actividad en la provincia.<\/strong><\/p>\n\n\n\n<p>Los encuentros est\u00e1n destinados a productores ap\u00edcolas, representantes de cooperativas, escuelas agrot\u00e9cnicas y gobiernos locales, con el objetivo de dar a conocer las herramientas de desarrollo productivo disponibles.&nbsp;La iniciativa es ejecutada por el gobierno provincial con financiamiento del Fondo Internacional de Desarrollo Agr\u00edcola, en el marco del Programa Promoci\u00f3n de Sistemas Agroalimentarios Resilientes y Sostenibles para la Agricultura Familiar.<\/p>\n\n\n\n<p>Los primeros encuentros se realizaron en La Picada, departamento Paran\u00e1, y en Federal, donde se brind\u00f3 informaci\u00f3n sobre los alcances del Programa y los mecanismos de acceso a infraestructura, equipamiento, herramientas de inversi\u00f3n y capacitaciones. La actividad cont\u00f3 con la participaci\u00f3n de productores, cooperativas, representantes de escuelas agrot\u00e9cnicas y autoridades locales.&nbsp;La acci\u00f3n fue coordinada por Rodrigo Toledo y Valeria Mosetich, de la Secretar\u00eda de Agricultura, Ganader\u00eda y Pesca, junto al equipo t\u00e9cnico del Programa. En las pr\u00f3ximas etapas se prev\u00e9 recorrer los departamentos priorizados: Feliciano, Federal, Federaci\u00f3n, Concordia, Paran\u00e1, Diamante, Victoria, Nogoy\u00e1, Tala, Uruguay y Gualeguaych\u00fa.<\/p>\n\n\n\n<p>El Programa contempla inversiones destinadas a mejorar la infraestructura productiva y la accesibilidad vial. Entre ellas, se encuentra la mejora de cuatro accesos a salas de extracci\u00f3n ap\u00edcolas y de un camino rural productivo entre Maci\u00e1 y Guardamonte.&nbsp;Asimismo, se prev\u00e9n herramientas de inversi\u00f3n en infraestructura y equipamiento para productores y cooperativas ap\u00edcolas, orientadas a fortalecer la producci\u00f3n, agregar valor y mejorar las condiciones de comercializaci\u00f3n.<\/p>\n\n\n\n<p>El objetivo es incrementar la resiliencia de los productores de la agricultura familiar mediante el fortalecimiento de sistemas de producci\u00f3n y comercializaci\u00f3n sustentables e inclusivos, promoviendo la diversificaci\u00f3n, la diferenciaci\u00f3n y la intensificaci\u00f3n de la producci\u00f3n ap\u00edcola, con un enfoque de transici\u00f3n agroecol\u00f3gica.<\/p>\n\n\n\n<p>Las herramientas disponibles se organizan en cuatro modelos, de acuerdo con las caracter\u00edsticas y escala de las unidades productivas:<\/p>\n\n\n\n<p>-Kit de 20 colmenas, destinado a productores individuales no asociados a cooperativas, con hasta 150 colmenas.<\/p>\n\n\n\n<p>-M\u00f3dulos tecnol\u00f3gicos de diversificaci\u00f3n y equipamiento de envasado, destinados a productores individuales no asociados a cooperativas, que posean entre 151 y 300 colmenas.<\/p>\n\n\n\n<p>-Equipamiento para salas de extracci\u00f3n y procesamiento de miel, destinado a cooperativas ap\u00edcolas de los departamentos priorizados.<\/p>\n\n\n\n<p>-Cr\u00e9ditos ap\u00edcolas para el acondicionamiento de salas de extracci\u00f3n, destinados a productores individuales no asociados a cooperativas, con entre 201 y 300 colmenas.<\/p>\n\n\n\n<p>El organismo ejecutor del Programa es la Unidad Ejecutora Provincial, dependiente de la Secretar\u00eda General de la Gobernaci\u00f3n, con la intervenci\u00f3n de la Direcci\u00f3n Provincial de Vialidad y de la Secretar\u00eda de Agricultura, Ganader\u00eda y Pesca, dependiente del Ministerio de Desarrollo Econ\u00f3mico.<\/p>\n\n\n\n<p>Para consultas sobre el Programa y los modelos de inversi\u00f3n disponibles, los interesados pueden comunicarse al correo\u00a0apiculturafidaentrerios@gmail.com.<\/p>\n\n\n\n<p>Fuente: Gobierno de Entre R\u00edos<\/p>\n","protected":false},"excerpt":{"rendered":"<p>El Gobierno de Entre R\u00edos inici\u00f3 un ciclo de charlas informativas sobre el Programa de Desarrollo Productivo del Sector Ap\u00edcola, que contempla inversiones en infraestructura, equipamiento y capacitaciones para fortalecer la actividad en la provincia. Los encuentros est\u00e1n destinados a productores ap\u00edcolas, representantes de cooperativas, escuelas agrot\u00e9cnicas y gobiernos locales, con el objetivo de dar [&hellip;]<\/p>\n","protected":false},"author":5,"featured_media":60530,"comment_status":"open","ping_status":"open","sticky":false,"template":"","format":"standard","meta":{"footnotes":""},"categories":[1],"tags":[],"_links":{"self":[{"href":"https:\/\/lt15concordia.com.ar\/index.php\/wp-json\/wp\/v2\/posts\/60529"}],"collection":[{"href":"https:\/\/lt15concordia.com.ar\/index.php\/wp-json\/wp\/v2\/posts"}],"about":[{"href":"https:\/\/lt15concordia.com.ar\/index.php\/wp-json\/wp\/v2\/types\/post"}],"author":[{"embeddable":true,"href":"https:\/\/lt15concordia.com.ar\/index.php\/wp-json\/wp\/v2\/users\/5"}],"replies":[{"embeddable":true,"href":"https:\/\/lt15concordia.com.ar\/index.php\/wp-json\/wp\/v2\/comments?post=60529"}],"version-history":[{"count":1,"href":"https:\/\/lt15concordia.com.ar\/index.php\/wp-json\/wp\/v2\/posts\/60529\/revisions"}],"predecessor-version":[{"id":60532,"href":"https:\/\/lt15concordia.com.ar\/index.php\/wp-json\/wp\/v2\/posts\/60529\/revisions\/60532"}],"wp:featuredmedia":[{"embeddable":true,"href":"https:\/\/lt15concordia.com.ar\/index.php\/wp-json\/wp\/v2\/media\/60530"}],"wp:attachment":[{"href":"https:\/\/lt15concordia.com.ar\/index.php\/wp-json\/wp\/v2\/media?parent=60529"}],"wp:term":[{"taxonomy":"category","embeddable":true,"href":"https:\/\/lt15concordia.com.ar\/index.php\/wp-json\/wp\/v2\/categories?post=60529"},{"taxonomy":"post_tag","embeddable":true,"href":"https:\/\/lt15concordia.com.ar\/index.php\/wp-json\/wp\/v2\/tags?post=60529"}],"curies":[{"name":"wp","href":"https:\/\/api.w.org\/{rel}","templated":true}]}}