{"id":60522,"date":"2026-09-01T15:32:26","date_gmt":"2026-09-01T18:32:26","guid":{"rendered":"https:\/\/lt15concordia.com.ar\/?p=60522"},"modified":"2026-09-01T15:32:39","modified_gmt":"2026-09-01T18:32:39","slug":"el-45-de-los-trabajadores-argentinos-sin-proteccion-laboral","status":"publish","type":"post","link":"https:\/\/lt15concordia.com.ar\/index.php\/2026\/09\/01\/el-45-de-los-trabajadores-argentinos-sin-proteccion-laboral\/","title":{"rendered":"El 45% de los trabajadores argentinos, sin protecci\u00f3n laboral"},"content":{"rendered":"<p>Casi uno de cada dos trabajadores en <strong>Argentina<\/strong> est\u00e1 fuera del sistema de protecci\u00f3n laboral formal. Eso no es una estimaci\u00f3n ni una proyecci\u00f3n: es lo que muestran los datos oficiales del <strong>INDEC<\/strong>, compilados en un informe que pone sobre la mesa una realidad que muchos ya viven pero que pocas veces aparece con n\u00fameros tan contundentes.<\/p>\n<p>El <strong>45% de los trabajadores<\/strong> del pa\u00eds se encuentra en situaci\u00f3n de <strong>desprotecci\u00f3n laboral<\/strong>, seg\u00fan el relevamiento. Sin obra social, sin aportes jubilatorios, sin acceso a licencias ni indemnizaci\u00f3n. Trabajo en negro, changas, informalidad pura y dura. Pero el dato m\u00e1s duro aparece cuando se desagrega por franja etaria: entre los <strong>j\u00f3venes y los mayores de 66 a\u00f1os<\/strong>, esa cifra escala hasta el <strong>60%<\/strong>. Los dos extremos de la vida activa, los m\u00e1s vulnerables, son tambi\u00e9n los m\u00e1s desprotegidos.<\/p>\n<p>La soci\u00f3loga <strong>Candelaria Rueda<\/strong> analiz\u00f3 los datos y puso en contexto lo que los n\u00fameros solos no alcanzan a explicar: la desprotecci\u00f3n laboral no es solo una estad\u00edstica, es la ausencia de un piso m\u00ednimo de derechos para millones de personas que trabajan todos los d\u00edas sin que el Estado los vea como trabajadores plenos.<\/p>\n<p>El escenario plantea una pregunta que no tiene respuesta f\u00e1cil: en un pa\u00eds donde casi la mitad de quienes trabajan lo hacen sin red, cualquier pol\u00edtica de empleo que no ataque de frente la informalidad es, en el mejor de los casos, insuficiente. La discusi\u00f3n sobre el mercado laboral argentino tiene estos n\u00fameros como punto de partida ineludible.<\/p>\n<p><script type=\"application\/ld+json\">{\"@context\": \"https:\/\/schema.org\", \"@type\": \"NewsArticle\", \"headline\": \"El 45% de los trabajadores argentinos, sin protecci\u00f3n laboral\", \"description\": \"Un informe con datos del INDEC revela que casi la mitad de los trabajadores argentinos est\u00e1 en situaci\u00f3n de desprotecci\u00f3n laboral. Entre j\u00f3venes y mayores de 66 a\u00f1os, el \u00edndice trepa al 60%.\", \"datePublished\": \"2026-09-01T15:32:38-03:00\", \"dateModified\": \"2026-09-01T15:32:38-03:00\", \"inLanguage\": \"es-AR\", \"articleSection\": \"economia\", \"author\": {\"@type\": \"Organization\", \"name\": \"Redaccion LT15 Concordia\", \"url\": \"https:\/\/lt15concordia.com.ar\"}, \"publisher\": {\"@type\": \"Organization\", \"name\": \"LT15 Concordia\"}, \"mainEntityOfPage\": {\"@type\": \"WebPage\", \"@id\": \"https:\/\/lt15concordia.com.ar\/index.php\/2026\/09\/01\/el-45-de-los-trabajadores-argentinos-sin-proteccion-laboral\/\"}, \"image\": [\"https:\/\/elonce-media.elonce.com\/fotos\/2026\/09\/01\/m_1788281691_6999.webp\"]}<\/script><\/p>\n","protected":false},"excerpt":{"rendered":"<p>Un informe con datos del INDEC revela que casi la mitad de los trabajadores argentinos est\u00e1 en situaci\u00f3n de desprotecci\u00f3n laboral. Entre j\u00f3venes y mayores de 66 a\u00f1os, el \u00edndice trepa al 60%.<\/p>\n","protected":false},"author":5,"featured_media":60521,"comment_status":"closed","ping_status":"closed","sticky":false,"template":"","format":"standard","meta":{"footnotes":""},"categories":[89],"tags":[130,4662,65,96,2308,4663],"_links":{"self":[{"href":"https:\/\/lt15concordia.com.ar\/index.php\/wp-json\/wp\/v2\/posts\/60522"}],"collection":[{"href":"https:\/\/lt15concordia.com.ar\/index.php\/wp-json\/wp\/v2\/posts"}],"about":[{"href":"https:\/\/lt15concordia.com.ar\/index.php\/wp-json\/wp\/v2\/types\/post"}],"author":[{"embeddable":true,"href":"https:\/\/lt15concordia.com.ar\/index.php\/wp-json\/wp\/v2\/users\/5"}],"replies":[{"embeddable":true,"href":"https:\/\/lt15concordia.com.ar\/index.php\/wp-json\/wp\/v2\/comments?post=60522"}],"version-history":[{"count":2,"href":"https:\/\/lt15concordia.com.ar\/index.php\/wp-json\/wp\/v2\/posts\/60522\/revisions"}],"predecessor-version":[{"id":60524,"href":"https:\/\/lt15concordia.com.ar\/index.php\/wp-json\/wp\/v2\/posts\/60522\/revisions\/60524"}],"wp:featuredmedia":[{"embeddable":true,"href":"https:\/\/lt15concordia.com.ar\/index.php\/wp-json\/wp\/v2\/media\/60521"}],"wp:attachment":[{"href":"https:\/\/lt15concordia.com.ar\/index.php\/wp-json\/wp\/v2\/media?parent=60522"}],"wp:term":[{"taxonomy":"category","embeddable":true,"href":"https:\/\/lt15concordia.com.ar\/index.php\/wp-json\/wp\/v2\/categories?post=60522"},{"taxonomy":"post_tag","embeddable":true,"href":"https:\/\/lt15concordia.com.ar\/index.php\/wp-json\/wp\/v2\/tags?post=60522"}],"curies":[{"name":"wp","href":"https:\/\/api.w.org\/{rel}","templated":true}]}}