{"id":60518,"date":"2026-09-01T15:31:38","date_gmt":"2026-09-01T18:31:38","guid":{"rendered":"https:\/\/lt15concordia.com.ar\/?p=60518"},"modified":"2026-09-01T15:31:49","modified_gmt":"2026-09-01T18:31:49","slug":"sin-frenos-en-parana-una-camioneta-subio-a-la-vereda-y-choco-una-amarok","status":"publish","type":"post","link":"https:\/\/lt15concordia.com.ar\/index.php\/2026\/09\/01\/sin-frenos-en-parana-una-camioneta-subio-a-la-vereda-y-choco-una-amarok\/","title":{"rendered":"Sin frenos en Paran\u00e1: una camioneta subi\u00f3 a la vereda y choc\u00f3 una Amarok"},"content":{"rendered":"<p>El conductor no ten\u00eda ad\u00f3nde ir. La camioneta ya no respond\u00eda y la calle <strong>Dean J. \u00c1lvarez<\/strong>, en <strong>Paran\u00e1<\/strong>, se convirti\u00f3 en un laberinto de veh\u00edculos detenidos y veredas angostas. Lo que pudo terminar en tragedia cerr\u00f3, por suerte, sin heridos.<\/p>\n<p>La secuencia fue de esas que quedan grabadas: el veh\u00edculo, de fabricaci\u00f3n antigua, <strong>perdi\u00f3 los frenos<\/strong> mientras circulaba por esa arteria de la capital entrerriana. El conductor maniobr\u00f3 para esquivar los autos que ten\u00eda adelante, pero la inercia lo llev\u00f3 directo a la vereda. En el trayecto <strong>derrib\u00f3 una reja<\/strong> y termin\u00f3 impactando de lleno contra una <strong>Volkswagen Amarok<\/strong> que estaba estacionada.<\/p>\n<p>El golpe fue lo suficientemente fuerte como para dejar da\u00f1os materiales visibles, pero ninguno de los involucrados result\u00f3 con lesiones. Un desenlace que, dadas las circunstancias, bien puede considerarse afortunado.<\/p>\n<p>El episodio vuelve a poner sobre la mesa una pregunta que incomoda: <strong>\u00bfcu\u00e1ntos veh\u00edculos con serias fallas mec\u00e1nicas circulan a diario por las calles de las ciudades entrerrianas?<\/strong> Una falla de frenos no es un accidente imprevisible; es, en la mayor\u00eda de los casos, el resultado de un mantenimiento postergado. Las consecuencias, esta vez, fueron solo materiales. No siempre la suerte acompa\u00f1a.<\/p>\n<p><script type=\"application\/ld+json\">{\"@context\": \"https:\/\/schema.org\", \"@type\": \"NewsArticle\", \"headline\": \"Sin frenos en Paran\u00e1: una camioneta subi\u00f3 a la vereda y choc\u00f3 una Amarok\", \"description\": \"Una antigua camioneta perdi\u00f3 los frenos en la calle Dean J. \u00c1lvarez de Paran\u00e1, subi\u00f3 a la vereda y termin\u00f3 chocando contra una Volkswagen Amarok. No hubo heridos.\", \"datePublished\": \"2026-09-01T15:31:49-03:00\", \"dateModified\": \"2026-09-01T15:31:49-03:00\", \"inLanguage\": \"es-AR\", \"articleSection\": \"seguridad\", \"author\": {\"@type\": \"Organization\", \"name\": \"Redaccion LT15 Concordia\", \"url\": \"https:\/\/lt15concordia.com.ar\"}, \"publisher\": {\"@type\": \"Organization\", \"name\": \"LT15 Concordia\"}, \"mainEntityOfPage\": {\"@type\": \"WebPage\", \"@id\": \"https:\/\/lt15concordia.com.ar\/index.php\/2026\/09\/01\/sin-frenos-en-parana-una-camioneta-subio-a-la-vereda-y-choco-una-amarok\/\"}, \"image\": [\"https:\/\/elonce-media.elonce.com\/fotos\/2026\/09\/01\/m_1788284470_35550.webp\"]}<\/script><\/p>\n","protected":false},"excerpt":{"rendered":"<p>Una antigua camioneta perdi\u00f3 los frenos en la calle Dean J. \u00c1lvarez de Paran\u00e1, subi\u00f3 a la vereda y termin\u00f3 chocando contra una Volkswagen Amarok. No hubo heridos.<\/p>\n","protected":false},"author":5,"featured_media":60517,"comment_status":"closed","ping_status":"closed","sticky":false,"template":"","format":"standard","meta":{"footnotes":""},"categories":[33,37],"tags":[2428,63,4661,67,2205],"_links":{"self":[{"href":"https:\/\/lt15concordia.com.ar\/index.php\/wp-json\/wp\/v2\/posts\/60518"}],"collection":[{"href":"https:\/\/lt15concordia.com.ar\/index.php\/wp-json\/wp\/v2\/posts"}],"about":[{"href":"https:\/\/lt15concordia.com.ar\/index.php\/wp-json\/wp\/v2\/types\/post"}],"author":[{"embeddable":true,"href":"https:\/\/lt15concordia.com.ar\/index.php\/wp-json\/wp\/v2\/users\/5"}],"replies":[{"embeddable":true,"href":"https:\/\/lt15concordia.com.ar\/index.php\/wp-json\/wp\/v2\/comments?post=60518"}],"version-history":[{"count":2,"href":"https:\/\/lt15concordia.com.ar\/index.php\/wp-json\/wp\/v2\/posts\/60518\/revisions"}],"predecessor-version":[{"id":60520,"href":"https:\/\/lt15concordia.com.ar\/index.php\/wp-json\/wp\/v2\/posts\/60518\/revisions\/60520"}],"wp:featuredmedia":[{"embeddable":true,"href":"https:\/\/lt15concordia.com.ar\/index.php\/wp-json\/wp\/v2\/media\/60517"}],"wp:attachment":[{"href":"https:\/\/lt15concordia.com.ar\/index.php\/wp-json\/wp\/v2\/media?parent=60518"}],"wp:term":[{"taxonomy":"category","embeddable":true,"href":"https:\/\/lt15concordia.com.ar\/index.php\/wp-json\/wp\/v2\/categories?post=60518"},{"taxonomy":"post_tag","embeddable":true,"href":"https:\/\/lt15concordia.com.ar\/index.php\/wp-json\/wp\/v2\/tags?post=60518"}],"curies":[{"name":"wp","href":"https:\/\/api.w.org\/{rel}","templated":true}]}}