{"id":60510,"date":"2026-09-01T14:32:24","date_gmt":"2026-09-01T17:32:24","guid":{"rendered":"https:\/\/lt15concordia.com.ar\/?p=60510"},"modified":"2026-09-01T14:32:34","modified_gmt":"2026-09-01T17:32:34","slug":"la-justicia-freno-al-gobierno-la-cautelar-universitaria-sigue-en-pie","status":"publish","type":"post","link":"https:\/\/lt15concordia.com.ar\/index.php\/2026\/09\/01\/la-justicia-freno-al-gobierno-la-cautelar-universitaria-sigue-en-pie\/","title":{"rendered":"La justicia fren\u00f3 al Gobierno: la cautelar universitaria sigue en pie"},"content":{"rendered":"<p>El Gobierno quiso cerrar el cap\u00edtulo y la justicia le dijo que no. El juez federal <strong>Mart\u00edn Cormick<\/strong> rechaz\u00f3 el pedido del <strong>Poder Ejecutivo Nacional<\/strong> para levantar la cautelar que ordena cumplir la <strong>ley de financiamiento universitario<\/strong>, y le dio al Estado tres d\u00edas para presentar un informe documentado sobre los avances reales en el cumplimiento de la norma.<\/p>\n<p>El conflicto tiene historia. El <strong>Consejo Interuniversitario Nacional<\/strong> reclam\u00f3 que se ejecute un acta firmada el <strong>10 de junio<\/strong> con la Subsecretar\u00eda de Pol\u00edticas Universitarias y organizaciones gremiales docentes y no docentes. Ese texto establec\u00eda una <strong>suba salarial del 24,33%<\/strong>, un incremento del <strong>20% en gastos operativos<\/strong> de las universidades p\u00fablicas, un aumento del <strong>50% para las Becas Manuel Belgrano<\/strong> y un refuerzo de <strong>50.000 millones de pesos<\/strong> para los hospitales universitarios en 2026.<\/p>\n<p>El <strong>Ministerio de Capital Humano<\/strong> argument\u00f3 que ese acuerdo hab\u00eda atendido el aspecto salarial y el de las becas, y que los art\u00edculos 5 y 6 de la <strong>ley 27.795<\/strong> estaban, en lo sustancial, satisfechos. El razonamiento oficial era que el acuerdo suprim\u00eda el riesgo que hab\u00eda motivado la cautelar original. La justicia no lo vio as\u00ed.<\/p>\n<p>Cormick fue claro: el Estado no logr\u00f3 demostrar el impacto positivo de los acuerdos sobre los perjuicios graves de imposible reparaci\u00f3n, ni que exista una definici\u00f3n efectiva y final sobre el deterioro de ingresos y la p\u00e9rdida salarial del colectivo afectado. En ese marco, concluy\u00f3 que <strong>mal puede considerarse superado el peligro en la demora<\/strong> y que no puede tenerse por satisfecho ni concluido el efecto de la cautelar.<\/p>\n<p>Las universidades, por su parte, remarcaron que hab\u00eda sido el propio Estado quien aclar\u00f3 que la firma del acta no implicaba abandonar su postura en el proceso judicial. Con ese argumento en mano, sostuvieron que el acuerdo no alteraba los fundamentos del amparo y lo calificaron como <strong>&#8220;una gota en medio del oc\u00e9ano de los incumplimientos del PEN&#8221;<\/strong>. Una frase dura, pero respaldada por el fallo.<\/p>\n<p>Vale recordar que la cautelar fue confirmada por la <strong>Sala III de la C\u00e1mara<\/strong> del fuero y qued\u00f3 firme tras la desestimaci\u00f3n del recurso extraordinario del Estado por parte de la <strong>Corte Suprema<\/strong>. No es la primera vez que el Ejecutivo choca contra una pared judicial en este expediente. El juez aclar\u00f3, adem\u00e1s, que el rechazo no implica adelantar criterio sobre el fondo del litigio: la discusi\u00f3n de fondo sigue abierta, y la cautelar permanece vigente hasta que haya sentencia definitiva.<\/p>\n<p><script type=\"application\/ld+json\">{\"@context\": \"https:\/\/schema.org\", \"@type\": \"NewsArticle\", \"headline\": \"La justicia fren\u00f3 al Gobierno: la cautelar universitaria sigue en pie\", \"description\": \"Un juez federal rechaz\u00f3 el pedido del Ejecutivo para levantar la medida cautelar que obliga a cumplir la ley de financiamiento universitario.\", \"datePublished\": \"2026-09-01T14:32:34-03:00\", \"dateModified\": \"2026-09-01T14:32:34-03:00\", \"inLanguage\": \"es-AR\", \"articleSection\": \"educacion\", \"author\": {\"@type\": \"Organization\", \"name\": \"Redaccion LT15 Concordia\", \"url\": \"https:\/\/lt15concordia.com.ar\"}, \"publisher\": {\"@type\": \"Organization\", \"name\": \"LT15 Concordia\"}, \"mainEntityOfPage\": {\"@type\": \"WebPage\", \"@id\": \"https:\/\/lt15concordia.com.ar\/index.php\/2026\/09\/01\/la-justicia-freno-al-gobierno-la-cautelar-universitaria-sigue-en-pie\/\"}, \"image\": [\"https:\/\/www.infobae.com\/resizer\/v2\/LV6FSHHTRRF5DNQ7Q3SMZXIA4Q.png?auth=362c0a11055bdf8e0021a2b27df4e623e2d739678f37df54b758cde55b49f39a&smart=true&width=1408&height=685\"]}<\/script><\/p>\n","protected":false},"excerpt":{"rendered":"<p>Un juez federal rechaz\u00f3 el pedido del Ejecutivo para levantar la medida cautelar que obliga a cumplir la ley de financiamiento universitario.<\/p>\n","protected":false},"author":5,"featured_media":60509,"comment_status":"closed","ping_status":"closed","sticky":false,"template":"","format":"standard","meta":{"footnotes":""},"categories":[89],"tags":[4659,3529,1635,686,2948,1074],"_links":{"self":[{"href":"https:\/\/lt15concordia.com.ar\/index.php\/wp-json\/wp\/v2\/posts\/60510"}],"collection":[{"href":"https:\/\/lt15concordia.com.ar\/index.php\/wp-json\/wp\/v2\/posts"}],"about":[{"href":"https:\/\/lt15concordia.com.ar\/index.php\/wp-json\/wp\/v2\/types\/post"}],"author":[{"embeddable":true,"href":"https:\/\/lt15concordia.com.ar\/index.php\/wp-json\/wp\/v2\/users\/5"}],"replies":[{"embeddable":true,"href":"https:\/\/lt15concordia.com.ar\/index.php\/wp-json\/wp\/v2\/comments?post=60510"}],"version-history":[{"count":2,"href":"https:\/\/lt15concordia.com.ar\/index.php\/wp-json\/wp\/v2\/posts\/60510\/revisions"}],"predecessor-version":[{"id":60512,"href":"https:\/\/lt15concordia.com.ar\/index.php\/wp-json\/wp\/v2\/posts\/60510\/revisions\/60512"}],"wp:featuredmedia":[{"embeddable":true,"href":"https:\/\/lt15concordia.com.ar\/index.php\/wp-json\/wp\/v2\/media\/60509"}],"wp:attachment":[{"href":"https:\/\/lt15concordia.com.ar\/index.php\/wp-json\/wp\/v2\/media?parent=60510"}],"wp:term":[{"taxonomy":"category","embeddable":true,"href":"https:\/\/lt15concordia.com.ar\/index.php\/wp-json\/wp\/v2\/categories?post=60510"},{"taxonomy":"post_tag","embeddable":true,"href":"https:\/\/lt15concordia.com.ar\/index.php\/wp-json\/wp\/v2\/tags?post=60510"}],"curies":[{"name":"wp","href":"https:\/\/api.w.org\/{rel}","templated":true}]}}