{"id":60502,"date":"2026-09-01T14:30:50","date_gmt":"2026-09-01T17:30:50","guid":{"rendered":"https:\/\/lt15concordia.com.ar\/?p=60502"},"modified":"2026-09-01T14:31:00","modified_gmt":"2026-09-01T17:31:00","slug":"obras-publicas-el-gobierno-explico-en-el-senado-que-cambia-con-la-nueva-ley","status":"publish","type":"post","link":"https:\/\/lt15concordia.com.ar\/index.php\/2026\/09\/01\/obras-publicas-el-gobierno-explico-en-el-senado-que-cambia-con-la-nueva-ley\/","title":{"rendered":"Obras P\u00fablicas: el Gobierno explic\u00f3 en el Senado qu\u00e9 cambia con la nueva ley"},"content":{"rendered":"<p>El debate sobre la <strong>Ley de Obras P\u00fablicas<\/strong> avanz\u00f3 en el <strong>Senado<\/strong> y el Gobierno puso sobre la mesa los cambios que quiere introducir. El ministro <strong>Hern\u00e1n Jacob<\/strong> fue el encargado de explicar ante los legisladores el esp\u00edritu de la reforma, y los ejes que present\u00f3 no son menores.<\/p>\n<p>Seg\u00fan expuso <strong>Jacob<\/strong>, la modificaci\u00f3n apunta a cuatro frentes concretos: <strong>agilizar las reparaciones<\/strong> en infraestructura, incorporar nuevos sistemas de mantenimiento, mejorar el control sobre los contratistas y establecer reglas claras para los pagos. En otras palabras, atacar los vicios hist\u00f3ricos que convirtieron a la obra p\u00fablica argentina en sin\u00f3nimo de demoras, sobreprecios y contratos sin rendici\u00f3n de cuentas.<\/p>\n<p>La pregunta que sobrevuela el recinto es si esta vez hay voluntad pol\u00edtica real para cerrar esos agujeros o si el proyecto quedar\u00e1 a mitad de camino, como tantos otros. El historial no invita al optimismo f\u00e1cil: cada gesti\u00f3n prometi\u00f3 transparentar la obra p\u00fablica y pocas dejaron resultados concretos.<\/p>\n<p>Lo que s\u00ed es claro es que el <strong>Senado<\/strong> est\u00e1 analizando el texto con detenimiento. La exposici\u00f3n del ministro fue parte de ese proceso de consulta y debate, que todav\u00eda no tiene fecha definida para una votaci\u00f3n. Los cambios propuestos, si prosperan, afectar\u00edan directamente la forma en que el Estado contrata, supervisa y paga las obras en todo el pa\u00eds, incluyendo las que se ejecutan en <strong>Entre R\u00edos<\/strong>.<\/p>\n<p>El debate contin\u00faa abierto y la discusi\u00f3n legislativa reci\u00e9n empieza a tomar temperatura.<\/p>\n<p><script type=\"application\/ld+json\">{\"@context\": \"https:\/\/schema.org\", \"@type\": \"NewsArticle\", \"headline\": \"Obras P\u00fablicas: el Gobierno explic\u00f3 en el Senado qu\u00e9 cambia con la nueva ley\", \"description\": \"El ministro Hern\u00e1n Jacob expuso ante senadores los ejes del proyecto: agilizar reparaciones, mejorar controles y fijar reglas de pago.\", \"datePublished\": \"2026-09-01T14:31:00-03:00\", \"dateModified\": \"2026-09-01T14:31:00-03:00\", \"inLanguage\": \"es-AR\", \"articleSection\": \"politica\", \"author\": {\"@type\": \"Organization\", \"name\": \"Redaccion LT15 Concordia\", \"url\": \"https:\/\/lt15concordia.com.ar\"}, \"publisher\": {\"@type\": \"Organization\", \"name\": \"LT15 Concordia\"}, \"mainEntityOfPage\": {\"@type\": \"WebPage\", \"@id\": \"https:\/\/lt15concordia.com.ar\/index.php\/2026\/09\/01\/obras-publicas-el-gobierno-explico-en-el-senado-que-cambia-con-la-nueva-ley\/\"}, \"image\": [\"https:\/\/elonce-media.elonce.com\/fotos\/2026\/09\/01\/m_1788282609_29728.webp\"]}<\/script><\/p>\n","protected":false},"excerpt":{"rendered":"<p>El ministro Hern\u00e1n Jacob expuso ante senadores los ejes del proyecto: agilizar reparaciones, mejorar controles y fijar reglas de pago.<\/p>\n","protected":false},"author":5,"featured_media":60501,"comment_status":"closed","ping_status":"closed","sticky":false,"template":"","format":"standard","meta":{"footnotes":""},"categories":[89],"tags":[1073,3788,990,4657,2453,102],"_links":{"self":[{"href":"https:\/\/lt15concordia.com.ar\/index.php\/wp-json\/wp\/v2\/posts\/60502"}],"collection":[{"href":"https:\/\/lt15concordia.com.ar\/index.php\/wp-json\/wp\/v2\/posts"}],"about":[{"href":"https:\/\/lt15concordia.com.ar\/index.php\/wp-json\/wp\/v2\/types\/post"}],"author":[{"embeddable":true,"href":"https:\/\/lt15concordia.com.ar\/index.php\/wp-json\/wp\/v2\/users\/5"}],"replies":[{"embeddable":true,"href":"https:\/\/lt15concordia.com.ar\/index.php\/wp-json\/wp\/v2\/comments?post=60502"}],"version-history":[{"count":2,"href":"https:\/\/lt15concordia.com.ar\/index.php\/wp-json\/wp\/v2\/posts\/60502\/revisions"}],"predecessor-version":[{"id":60504,"href":"https:\/\/lt15concordia.com.ar\/index.php\/wp-json\/wp\/v2\/posts\/60502\/revisions\/60504"}],"wp:featuredmedia":[{"embeddable":true,"href":"https:\/\/lt15concordia.com.ar\/index.php\/wp-json\/wp\/v2\/media\/60501"}],"wp:attachment":[{"href":"https:\/\/lt15concordia.com.ar\/index.php\/wp-json\/wp\/v2\/media?parent=60502"}],"wp:term":[{"taxonomy":"category","embeddable":true,"href":"https:\/\/lt15concordia.com.ar\/index.php\/wp-json\/wp\/v2\/categories?post=60502"},{"taxonomy":"post_tag","embeddable":true,"href":"https:\/\/lt15concordia.com.ar\/index.php\/wp-json\/wp\/v2\/tags?post=60502"}],"curies":[{"name":"wp","href":"https:\/\/api.w.org\/{rel}","templated":true}]}}