{"id":60490,"date":"2026-09-01T12:34:19","date_gmt":"2026-09-01T15:34:19","guid":{"rendered":"https:\/\/lt15concordia.com.ar\/?p=60490"},"modified":"2026-09-01T12:34:30","modified_gmt":"2026-09-01T15:34:30","slug":"nuevo-taller-de-danza-y-musica-para-personas-con-discapacidad-en-parana","status":"publish","type":"post","link":"https:\/\/lt15concordia.com.ar\/index.php\/2026\/09\/01\/nuevo-taller-de-danza-y-musica-para-personas-con-discapacidad-en-parana\/","title":{"rendered":"Nuevo taller de danza y m\u00fasica para personas con discapacidad en Paran\u00e1"},"content":{"rendered":"<p>Una nueva puerta se abre en <strong>Paran\u00e1<\/strong> para quienes necesitan un espacio de expresi\u00f3n, movimiento y encuentro. <strong>Deriva Espacio<\/strong> anuncia la apertura de un nuevo grupo de taller destinado a <strong>adolescentes, j\u00f3venes y adultos con discapacidad<\/strong>, con foco en la danza y la m\u00fasica como herramientas de desarrollo personal y colectivo.<\/p>\n<p>La propuesta apunta a estimular la <strong>expresi\u00f3n, la creatividad y la socializaci\u00f3n<\/strong> a trav\u00e9s del arte. Seg\u00fan explic\u00f3 <strong>Constanza Cieburger<\/strong>, referente del espacio, las actividades est\u00e1n pensadas para generar un ambiente de contenci\u00f3n y libertad creativa, donde cada participante pueda encontrar su propio lenguaje.<\/p>\n<p>La combinaci\u00f3n de danza y m\u00fasica no es casual: son disciplinas que trabajan el cuerpo, la emoci\u00f3n y el v\u00ednculo con los dem\u00e1s de manera simult\u00e1nea. Para personas con discapacidad, ese triple impacto puede ser transformador. No se trata solo de aprender pasos o ritmos, sino de construir un lugar propio en el mundo.<\/p>\n<p>Quienes est\u00e9n interesados en sumarse al nuevo grupo de <strong>Deriva Espacio en Paran\u00e1<\/strong> pueden acercarse a consultar por las inscripciones y los d\u00edas de actividad.<\/p>\n<p><script type=\"application\/ld+json\">{\"@context\": \"https:\/\/schema.org\", \"@type\": \"NewsArticle\", \"headline\": \"Nuevo taller de danza y m\u00fasica para personas con discapacidad en Paran\u00e1\", \"description\": \"Deriva Espacio abre un grupo para adolescentes, j\u00f3venes y adultos con discapacidad en Paran\u00e1, con actividades de danza y m\u00fasica.\", \"datePublished\": \"2026-09-01T12:34:30-03:00\", \"dateModified\": \"2026-09-01T12:34:30-03:00\", \"inLanguage\": \"es-AR\", \"articleSection\": \"cultura\", \"author\": {\"@type\": \"Organization\", \"name\": \"Redaccion LT15 Concordia\", \"url\": \"https:\/\/lt15concordia.com.ar\"}, \"publisher\": {\"@type\": \"Organization\", \"name\": \"LT15 Concordia\"}, \"mainEntityOfPage\": {\"@type\": \"WebPage\", \"@id\": \"https:\/\/lt15concordia.com.ar\/index.php\/2026\/09\/01\/nuevo-taller-de-danza-y-musica-para-personas-con-discapacidad-en-parana\/\"}, \"image\": [\"https:\/\/elonce-media.elonce.com\/fotos\/2026\/09\/01\/m_1788275837_36122.webp\"]}<\/script><\/p>\n","protected":false},"excerpt":{"rendered":"<p>Deriva Espacio abre un grupo para adolescentes, j\u00f3venes y adultos con discapacidad en Paran\u00e1, con actividades de danza y m\u00fasica.<\/p>\n","protected":false},"author":5,"featured_media":60489,"comment_status":"closed","ping_status":"closed","sticky":false,"template":"","format":"standard","meta":{"footnotes":""},"categories":[37],"tags":[4650,4651,173,750,1133,67],"_links":{"self":[{"href":"https:\/\/lt15concordia.com.ar\/index.php\/wp-json\/wp\/v2\/posts\/60490"}],"collection":[{"href":"https:\/\/lt15concordia.com.ar\/index.php\/wp-json\/wp\/v2\/posts"}],"about":[{"href":"https:\/\/lt15concordia.com.ar\/index.php\/wp-json\/wp\/v2\/types\/post"}],"author":[{"embeddable":true,"href":"https:\/\/lt15concordia.com.ar\/index.php\/wp-json\/wp\/v2\/users\/5"}],"replies":[{"embeddable":true,"href":"https:\/\/lt15concordia.com.ar\/index.php\/wp-json\/wp\/v2\/comments?post=60490"}],"version-history":[{"count":2,"href":"https:\/\/lt15concordia.com.ar\/index.php\/wp-json\/wp\/v2\/posts\/60490\/revisions"}],"predecessor-version":[{"id":60492,"href":"https:\/\/lt15concordia.com.ar\/index.php\/wp-json\/wp\/v2\/posts\/60490\/revisions\/60492"}],"wp:featuredmedia":[{"embeddable":true,"href":"https:\/\/lt15concordia.com.ar\/index.php\/wp-json\/wp\/v2\/media\/60489"}],"wp:attachment":[{"href":"https:\/\/lt15concordia.com.ar\/index.php\/wp-json\/wp\/v2\/media?parent=60490"}],"wp:term":[{"taxonomy":"category","embeddable":true,"href":"https:\/\/lt15concordia.com.ar\/index.php\/wp-json\/wp\/v2\/categories?post=60490"},{"taxonomy":"post_tag","embeddable":true,"href":"https:\/\/lt15concordia.com.ar\/index.php\/wp-json\/wp\/v2\/tags?post=60490"}],"curies":[{"name":"wp","href":"https:\/\/api.w.org\/{rel}","templated":true}]}}