{"id":60486,"date":"2026-09-01T12:32:47","date_gmt":"2026-09-01T15:32:47","guid":{"rendered":"https:\/\/lt15concordia.com.ar\/?p=60486"},"modified":"2026-09-01T12:32:58","modified_gmt":"2026-09-01T15:32:58","slug":"marcha-masiva-en-concordia-por-pami-contra-milei-y-el-cierre-de-la-radio-publica","status":"publish","type":"post","link":"https:\/\/lt15concordia.com.ar\/index.php\/2026\/09\/01\/marcha-masiva-en-concordia-por-pami-contra-milei-y-el-cierre-de-la-radio-publica\/","title":{"rendered":"Marcha masiva en Concordia por PAMI, contra Milei y el cierre de la Radio P\u00fablica"},"content":{"rendered":"<p>Las calles de <strong>Concordia<\/strong> se llenaron este <strong>martes 1\u00b0 de septiembre<\/strong> de banderas, bombos y consignas. Organizaciones gremiales, sociales y pol\u00edticas protagonizaron una movilizaci\u00f3n multitudinaria que tuvo como eje central la defensa de los afiliados de <strong>PAMI<\/strong> y el derecho a la atenci\u00f3n m\u00e9dica de los adultos mayores.<\/p>\n<p>El detonante fue concreto y urgente: ese mismo d\u00eda venc\u00eda el <strong>convenio entre PAMI y el Sanatorio Concordia<\/strong>, dejando a miles de jubilados y pensionados sin un prestador con c\u00e1pita asignada para internaciones. La incertidumbre sobre c\u00f3mo continuar\u00e1 la atenci\u00f3n encendi\u00f3 la mecha. Quienes ya ten\u00edan dificultades para conseguir turnos y prestaciones ahora enfrentan un escenario a\u00fan m\u00e1s incierto.<\/p>\n<p>La concentraci\u00f3n arranc\u00f3 a las <strong>9 de la ma\u00f1ana en la sede de ATE<\/strong>, desde donde la columna march\u00f3 por las calles de la ciudad. Carteles, platillos y voces alzadas fueron el paisaje de una protesta que no se limit\u00f3 a un solo reclamo: la jornada tambi\u00e9n incluy\u00f3 fuertes repudios al presidente <strong>Javier Milei<\/strong> y a las pol\u00edticas nacionales que, seg\u00fan los manifestantes, golpean a jubilados, trabajadores y organizaciones sindicales.<\/p>\n<p>A eso se sumaron cuestionamientos al <strong>nuevo sistema de comedores escolares<\/strong> impulsado por el gobierno provincial de <strong>Rogelio Frigerio<\/strong>, que gener\u00f3 resistencia en distintos sectores de la comunidad educativa. Y un reclamo que tiene nombre y apellido local: el rechazo al <strong>cierre de la Radio P\u00fablica en Concordia<\/strong>, que los manifestantes leen como un ataque directo a la comunicaci\u00f3n p\u00fablica y al acceso a la informaci\u00f3n.<\/p>\n<p>La movilizaci\u00f3n reuni\u00f3 a un arco amplio de organizaciones que, m\u00e1s all\u00e1 de sus diferencias, confluyeron en una misma plaza de reclamos: salud, educaci\u00f3n, comunicaci\u00f3n p\u00fablica y condiciones de vida digna para jubilados y trabajadores. En Concordia, ese martes, la calle habl\u00f3 fuerte.<\/p>\n<p><script type=\"application\/ld+json\">{\"@context\": \"https:\/\/schema.org\", \"@type\": \"NewsArticle\", \"headline\": \"Marcha masiva en Concordia por PAMI, contra Milei y el cierre de la Radio P\u00fablica\", \"description\": \"Miles marcharon en Concordia en defensa de los afiliados de PAMI, tras el vencimiento del convenio con el Sanatorio Concordia, y con reclamos al gobierno nacional y provincial.\", \"datePublished\": \"2026-09-01T12:32:57-03:00\", \"dateModified\": \"2026-09-01T12:32:57-03:00\", \"inLanguage\": \"es-AR\", \"articleSection\": \"sociedad\", \"author\": {\"@type\": \"Organization\", \"name\": \"Redaccion LT15 Concordia\", \"url\": \"https:\/\/lt15concordia.com.ar\"}, \"publisher\": {\"@type\": \"Organization\", \"name\": \"LT15 Concordia\"}, \"mainEntityOfPage\": {\"@type\": \"WebPage\", \"@id\": \"https:\/\/lt15concordia.com.ar\/index.php\/2026\/09\/01\/marcha-masiva-en-concordia-por-pami-contra-milei-y-el-cierre-de-la-radio-publica\/\"}, \"image\": [\"https:\/\/www.diariojunio.com.ar\/wp-content\/uploads\/2026\/09\/e5700bbf-f7c2-4abb-a1df-82ab87616fa9.jpg\"]}<\/script><\/p>\n","protected":false},"excerpt":{"rendered":"<p>Miles marcharon en Concordia en defensa de los afiliados de PAMI, tras el vencimiento del convenio con el Sanatorio Concordia, y con reclamos al gobierno nacional y provincial.<\/p>\n","protected":false},"author":5,"featured_media":60485,"comment_status":"closed","ping_status":"closed","sticky":false,"template":"","format":"standard","meta":{"footnotes":""},"categories":[30],"tags":[41,131,4648,513,289,4649],"_links":{"self":[{"href":"https:\/\/lt15concordia.com.ar\/index.php\/wp-json\/wp\/v2\/posts\/60486"}],"collection":[{"href":"https:\/\/lt15concordia.com.ar\/index.php\/wp-json\/wp\/v2\/posts"}],"about":[{"href":"https:\/\/lt15concordia.com.ar\/index.php\/wp-json\/wp\/v2\/types\/post"}],"author":[{"embeddable":true,"href":"https:\/\/lt15concordia.com.ar\/index.php\/wp-json\/wp\/v2\/users\/5"}],"replies":[{"embeddable":true,"href":"https:\/\/lt15concordia.com.ar\/index.php\/wp-json\/wp\/v2\/comments?post=60486"}],"version-history":[{"count":2,"href":"https:\/\/lt15concordia.com.ar\/index.php\/wp-json\/wp\/v2\/posts\/60486\/revisions"}],"predecessor-version":[{"id":60488,"href":"https:\/\/lt15concordia.com.ar\/index.php\/wp-json\/wp\/v2\/posts\/60486\/revisions\/60488"}],"wp:featuredmedia":[{"embeddable":true,"href":"https:\/\/lt15concordia.com.ar\/index.php\/wp-json\/wp\/v2\/media\/60485"}],"wp:attachment":[{"href":"https:\/\/lt15concordia.com.ar\/index.php\/wp-json\/wp\/v2\/media?parent=60486"}],"wp:term":[{"taxonomy":"category","embeddable":true,"href":"https:\/\/lt15concordia.com.ar\/index.php\/wp-json\/wp\/v2\/categories?post=60486"},{"taxonomy":"post_tag","embeddable":true,"href":"https:\/\/lt15concordia.com.ar\/index.php\/wp-json\/wp\/v2\/tags?post=60486"}],"curies":[{"name":"wp","href":"https:\/\/api.w.org\/{rel}","templated":true}]}}