{"id":60478,"date":"2026-09-01T11:31:57","date_gmt":"2026-09-01T14:31:57","guid":{"rendered":"https:\/\/lt15concordia.com.ar\/?p=60478"},"modified":"2026-09-01T11:32:08","modified_gmt":"2026-09-01T14:32:08","slug":"luz-y-gas-el-gobierno-sube-el-tope-bonificable-y-frena-el-impacto-en-las-factura","status":"publish","type":"post","link":"https:\/\/lt15concordia.com.ar\/index.php\/2026\/09\/01\/luz-y-gas-el-gobierno-sube-el-tope-bonificable-y-frena-el-impacto-en-las-factura\/","title":{"rendered":"Luz y gas: el Gobierno sube el tope bonificable y frena el impacto en las facturas"},"content":{"rendered":"<p>El Gobierno Nacional tom\u00f3 una decisi\u00f3n que frena, al menos por ahora, el golpe en el bolsillo de los hogares: <strong>elev\u00f3 a 200 kWh mensuales el tope de consumo el\u00e9ctrico con bonificaci\u00f3n<\/strong>, dando marcha atr\u00e1s con la baja a <strong>150 kWh<\/strong> que estaba prevista en el cronograma original del esquema de <strong>Subsidios Energ\u00e9ticos Focalizados (SEF)<\/strong>.<\/p>\n<p>La medida se public\u00f3 en los cuadros tarifarios de <strong>septiembre<\/strong> del <strong>Ente Nacional Regulador del Gas y la Electricidad (ENReGE)<\/strong> y llega en un contexto de suba internacional de los costos energ\u00e9ticos que, seg\u00fan el propio Ejecutivo, hubiera implicado un salto m\u00e1s pronunciado en las facturas si se manten\u00eda el esquema anterior. Una se\u00f1al de que el ajuste tiene l\u00edmites pol\u00edticos, m\u00e1s all\u00e1 de los t\u00e9cnicos.<\/p>\n<p>Los n\u00fameros concretos: el <strong>aumento promedio en las facturas de septiembre ser\u00e1 del 1,75% en electricidad y del 1,40% en gas natural<\/strong>, ambos por debajo del <strong>2,1% de inflaci\u00f3n<\/strong> registrado en julio, el \u00faltimo dato oficial del INDEC. En t\u00e9rminos reales, las tarifas bajan. Por ahora.<\/p>\n<p>Adem\u00e1s, el Gobierno increment\u00f3 la <strong>bonificaci\u00f3n extraordinaria de electricidad al 25%<\/strong>, que sumada a la bonificaci\u00f3n base del <strong>50%<\/strong> lleva el descuento total al <strong>75%<\/strong> para los usuarios que califican. En gas natural, la bonificaci\u00f3n extraordinaria se ubica en el <strong>24,5%<\/strong>, llevando el total al <strong>74,5%<\/strong>.<\/p>\n<p>La l\u00f3gica oficial es sostener el proceso de normalizaci\u00f3n tarifaria sin resignar las metas fiscales, pero amortiguando el impacto sobre los sectores m\u00e1s vulnerables. Un equilibrio que, en un a\u00f1o electoral y con costos energ\u00e9ticos globales en alza, se vuelve cada vez m\u00e1s dif\u00edcil de mantener. Los usuarios que ya est\u00e1n inscriptos en el esquema de subsidios focalizados son quienes se benefician directamente de estas bonificaciones; quienes no lo est\u00e1n, pagan la tarifa plena.<\/p>\n<p><script type=\"application\/ld+json\">{\"@context\": \"https:\/\/schema.org\", \"@type\": \"NewsArticle\", \"headline\": \"Luz y gas: el Gobierno sube el tope bonificable y frena el impacto en las facturas\", \"description\": \"La Naci\u00f3n elev\u00f3 a 200 kWh el l\u00edmite de consumo el\u00e9ctrico con descuento y los aumentos de septiembre quedan por debajo de la inflaci\u00f3n.\", \"datePublished\": \"2026-09-01T11:32:08-03:00\", \"dateModified\": \"2026-09-01T11:32:08-03:00\", \"inLanguage\": \"es-AR\", \"articleSection\": \"economia\", \"author\": {\"@type\": \"Organization\", \"name\": \"Redaccion LT15 Concordia\", \"url\": \"https:\/\/lt15concordia.com.ar\"}, \"publisher\": {\"@type\": \"Organization\", \"name\": \"LT15 Concordia\"}, \"mainEntityOfPage\": {\"@type\": \"WebPage\", \"@id\": \"https:\/\/lt15concordia.com.ar\/index.php\/2026\/09\/01\/luz-y-gas-el-gobierno-sube-el-tope-bonificable-y-frena-el-impacto-en-las-factura\/\"}, \"image\": [\"https:\/\/dosflorines.com.ar\/wp-content\/uploads\/2025\/06\/luz-energia-tarifas.jpg\"]}<\/script><\/p>\n","protected":false},"excerpt":{"rendered":"<p>La Naci\u00f3n elev\u00f3 a 200 kWh el l\u00edmite de consumo el\u00e9ctrico con descuento y los aumentos de septiembre quedan por debajo de la inflaci\u00f3n.<\/p>\n","protected":false},"author":5,"featured_media":60477,"comment_status":"closed","ping_status":"closed","sticky":false,"template":"","format":"standard","meta":{"footnotes":""},"categories":[89],"tags":[43,443,4644,927,85,924],"_links":{"self":[{"href":"https:\/\/lt15concordia.com.ar\/index.php\/wp-json\/wp\/v2\/posts\/60478"}],"collection":[{"href":"https:\/\/lt15concordia.com.ar\/index.php\/wp-json\/wp\/v2\/posts"}],"about":[{"href":"https:\/\/lt15concordia.com.ar\/index.php\/wp-json\/wp\/v2\/types\/post"}],"author":[{"embeddable":true,"href":"https:\/\/lt15concordia.com.ar\/index.php\/wp-json\/wp\/v2\/users\/5"}],"replies":[{"embeddable":true,"href":"https:\/\/lt15concordia.com.ar\/index.php\/wp-json\/wp\/v2\/comments?post=60478"}],"version-history":[{"count":2,"href":"https:\/\/lt15concordia.com.ar\/index.php\/wp-json\/wp\/v2\/posts\/60478\/revisions"}],"predecessor-version":[{"id":60480,"href":"https:\/\/lt15concordia.com.ar\/index.php\/wp-json\/wp\/v2\/posts\/60478\/revisions\/60480"}],"wp:featuredmedia":[{"embeddable":true,"href":"https:\/\/lt15concordia.com.ar\/index.php\/wp-json\/wp\/v2\/media\/60477"}],"wp:attachment":[{"href":"https:\/\/lt15concordia.com.ar\/index.php\/wp-json\/wp\/v2\/media?parent=60478"}],"wp:term":[{"taxonomy":"category","embeddable":true,"href":"https:\/\/lt15concordia.com.ar\/index.php\/wp-json\/wp\/v2\/categories?post=60478"},{"taxonomy":"post_tag","embeddable":true,"href":"https:\/\/lt15concordia.com.ar\/index.php\/wp-json\/wp\/v2\/tags?post=60478"}],"curies":[{"name":"wp","href":"https:\/\/api.w.org\/{rel}","templated":true}]}}