{"id":60474,"date":"2026-09-01T11:31:05","date_gmt":"2026-09-01T14:31:05","guid":{"rendered":"https:\/\/lt15concordia.com.ar\/?p=60474"},"modified":"2026-09-01T11:31:16","modified_gmt":"2026-09-01T14:31:16","slug":"pami-vs-sanatorio-concordia-la-guerra-de-versiones-tras-el-quiebre-del-convenio","status":"publish","type":"post","link":"https:\/\/lt15concordia.com.ar\/index.php\/2026\/09\/01\/pami-vs-sanatorio-concordia-la-guerra-de-versiones-tras-el-quiebre-del-convenio\/","title":{"rendered":"PAMI vs. Sanatorio Concordia: la guerra de versiones tras el quiebre del convenio"},"content":{"rendered":"<p>El martes <strong>1\u00b0 de septiembre<\/strong> se cerr\u00f3 una etapa y se abri\u00f3 un problema: el convenio entre <strong>PAMI<\/strong> y el <strong>Sanatorio Concordia<\/strong> dej\u00f3 de existir, y con \u00e9l quedaron en el aire <strong>15.000 afiliados<\/strong> que hasta ahora ten\u00edan en esa cl\u00ednica su prestador de internaci\u00f3n. Cada parte tiene su versi\u00f3n, y ninguna cede.<\/p>\n<p>La postura oficial del Instituto lleg\u00f3 este martes con un comunicado que no deja lugar a dudas sobre a qui\u00e9n le cargan la responsabilidad: <strong>&#8220;La salida del Sanatorio Concordia responde a una decisi\u00f3n unilateral del prestador de rescindir el convenio a partir del 1 de septiembre&#8221;<\/strong>, sostuvieron desde PAMI. Y agregaron que el Instituto no abandona a sus afiliados, sino que est\u00e1 &#8220;reorganizando la red&#8221; para garantizar la continuidad de la atenci\u00f3n. La c\u00e1pita, prometieron, ser\u00e1 reasignada y cada beneficiario recibir\u00e1 informaci\u00f3n sobre su nuevo prestador.<\/p>\n<p>El Sanatorio, por su parte, hab\u00eda explicado la semana pasada que la decisi\u00f3n no fue caprichosa ni repentina. Seg\u00fan la instituci\u00f3n, durante <strong>m\u00e1s de diez meses<\/strong> reclam\u00f3 una actualizaci\u00f3n de aranceles sin obtener respuesta, y denunci\u00f3 un atraso del <strong>130%<\/strong> en los valores que PAMI abona por las prestaciones. Ese desfasaje, sostuvieron, hac\u00eda inviable seguir operando bajo las condiciones vigentes. El <strong>26 de junio<\/strong> enviaron una <strong>Carta Documento<\/strong> formalizando la rescisi\u00f3n, con fecha efectiva para el 1\u00b0 de septiembre.<\/p>\n<p>Lo que m\u00e1s duele en el relato del Sanatorio es la audiencia que nunca fue: una reuni\u00f3n con autoridades de <strong>PAMI Central<\/strong> prevista para el <strong>6 de agosto<\/strong> fue suspendida y jam\u00e1s volvi\u00f3 a reprogramarse. Una puerta que se cerr\u00f3 sin abrirse del otro lado. La instituci\u00f3n tambi\u00e9n advirti\u00f3 que el traslado masivo de demanda al sistema p\u00fablico pod\u00eda generar un colapso en los hospitales <strong>Masvernat<\/strong> y <strong>Felipe Heras<\/strong>.<\/p>\n<p>Uno de los puntos m\u00e1s delicados del conflicto son los <strong>pacientes oncol\u00f3gicos<\/strong>. El Sanatorio hab\u00eda informado que desde este martes quedar\u00edan suspendidas las cirug\u00edas programadas para afiliados de PAMI, incluidas las oncol\u00f3gicas, y que quienes realizan <strong>quimioterapia<\/strong> deb\u00edan coordinar con el Instituto d\u00f3nde continuar\u00edan su tratamiento. PAMI respondi\u00f3 con una garant\u00eda: la continuidad de esos tratamientos estar\u00e1 asegurada hasta que se concrete la reasignaci\u00f3n. <strong>&#8220;La prioridad es que ning\u00fan afiliado vea interrumpida su atenci\u00f3n como consecuencia de esta transici\u00f3n&#8221;<\/strong>, afirmaron.<\/p>\n<p>PAMI tambi\u00e9n reconoci\u00f3, aunque con matices, el reclamo econ\u00f3mico del Sanatorio. Asegur\u00f3 que viene realizando <strong>&#8220;un esfuerzo sostenido por actualizar los valores del nomenclador&#8221;<\/strong>, en l\u00ednea con su compromiso hacia los prestadores de la red. La distancia entre ese esfuerzo y el <strong>130%<\/strong> de atraso que denuncia el Sanatorio es, por ahora, el coraz\u00f3n del conflicto. Mientras las versiones chocan, los <strong>15.000 afiliados concordienses<\/strong> esperan saber, concretamente, qui\u00e9n los va a atender y d\u00f3nde.<\/p>\n<p><script type=\"application\/ld+json\">{\"@context\": \"https:\/\/schema.org\", \"@type\": \"NewsArticle\", \"headline\": \"PAMI vs. Sanatorio Concordia: la guerra de versiones tras el quiebre del convenio\", \"description\": \"El convenio se cay\u00f3 el 1\u00b0 de septiembre y 15.000 afiliados quedaron sin c\u00e1pita asignada. PAMI dice que fue decisi\u00f3n unilateral del Sanatorio; el Sanatorio denuncia un atraso del 130% en aranceles.\", \"datePublished\": \"2026-09-01T11:31:16-03:00\", \"dateModified\": \"2026-09-01T11:31:16-03:00\", \"inLanguage\": \"es-AR\", \"articleSection\": \"salud\", \"author\": {\"@type\": \"Organization\", \"name\": \"Redaccion LT15 Concordia\", \"url\": \"https:\/\/lt15concordia.com.ar\"}, \"publisher\": {\"@type\": \"Organization\", \"name\": \"LT15 Concordia\"}, \"mainEntityOfPage\": {\"@type\": \"WebPage\", \"@id\": \"https:\/\/lt15concordia.com.ar\/index.php\/2026\/09\/01\/pami-vs-sanatorio-concordia-la-guerra-de-versiones-tras-el-quiebre-del-convenio\/\"}, \"image\": [\"https:\/\/www.diariojunio.com.ar\/wp-content\/uploads\/2026\/09\/598760_landscape.webp\"]}<\/script><\/p>\n","protected":false},"excerpt":{"rendered":"<p>El convenio se cay\u00f3 el 1\u00b0 de septiembre y 15.000 afiliados quedaron sin c\u00e1pita asignada. PAMI dice que fue decisi\u00f3n unilateral del Sanatorio; el Sanatorio denuncia un atraso del 130% en aranceles.<\/p>\n","protected":false},"author":5,"featured_media":60473,"comment_status":"closed","ping_status":"closed","sticky":false,"template":"","format":"standard","meta":{"footnotes":""},"categories":[30],"tags":[3645,1231,2738,289,87,2138],"_links":{"self":[{"href":"https:\/\/lt15concordia.com.ar\/index.php\/wp-json\/wp\/v2\/posts\/60474"}],"collection":[{"href":"https:\/\/lt15concordia.com.ar\/index.php\/wp-json\/wp\/v2\/posts"}],"about":[{"href":"https:\/\/lt15concordia.com.ar\/index.php\/wp-json\/wp\/v2\/types\/post"}],"author":[{"embeddable":true,"href":"https:\/\/lt15concordia.com.ar\/index.php\/wp-json\/wp\/v2\/users\/5"}],"replies":[{"embeddable":true,"href":"https:\/\/lt15concordia.com.ar\/index.php\/wp-json\/wp\/v2\/comments?post=60474"}],"version-history":[{"count":2,"href":"https:\/\/lt15concordia.com.ar\/index.php\/wp-json\/wp\/v2\/posts\/60474\/revisions"}],"predecessor-version":[{"id":60476,"href":"https:\/\/lt15concordia.com.ar\/index.php\/wp-json\/wp\/v2\/posts\/60474\/revisions\/60476"}],"wp:featuredmedia":[{"embeddable":true,"href":"https:\/\/lt15concordia.com.ar\/index.php\/wp-json\/wp\/v2\/media\/60473"}],"wp:attachment":[{"href":"https:\/\/lt15concordia.com.ar\/index.php\/wp-json\/wp\/v2\/media?parent=60474"}],"wp:term":[{"taxonomy":"category","embeddable":true,"href":"https:\/\/lt15concordia.com.ar\/index.php\/wp-json\/wp\/v2\/categories?post=60474"},{"taxonomy":"post_tag","embeddable":true,"href":"https:\/\/lt15concordia.com.ar\/index.php\/wp-json\/wp\/v2\/tags?post=60474"}],"curies":[{"name":"wp","href":"https:\/\/api.w.org\/{rel}","templated":true}]}}