{"id":60466,"date":"2026-09-01T10:30:57","date_gmt":"2026-09-01T13:30:57","guid":{"rendered":"https:\/\/lt15concordia.com.ar\/?p=60466"},"modified":"2026-09-01T10:31:10","modified_gmt":"2026-09-01T13:31:10","slug":"motta-un-profesional-es-un-vector-en-potencia-de-ser-emprendedor","status":"publish","type":"post","link":"https:\/\/lt15concordia.com.ar\/index.php\/2026\/09\/01\/motta-un-profesional-es-un-vector-en-potencia-de-ser-emprendedor\/","title":{"rendered":"Motta: &#8220;Un profesional es un vector en potencia de ser emprendedor&#8221;"},"content":{"rendered":"<p>No salir sin saber qu\u00e9 hacer con el t\u00edtulo. Ese fue el mensaje central que el empresario av\u00edcola <strong>H\u00e9ctor Motta<\/strong> lanz\u00f3 este martes ante estudiantes, docentes y referentes del ecosistema emprendedor de <strong>Entre R\u00edos<\/strong>, en el acto de apertura de la <strong>Semana del Emprendimiento e Innovaci\u00f3n Entre R\u00edos 2026<\/strong>, celebrado en la sede de la <strong>Universidad Adventista del Plata (UAP)<\/strong> en <strong>Villa Libertador San Mart\u00edn<\/strong>.<\/p>\n<p>Motta, que preside el <strong>Consorcio Afideer<\/strong>, organismo que articula la actividad emprendedora junto a universidades y el sector p\u00fablico, fue directo desde el arranque: <strong>&#8220;Nuestra tarea es provocarlos, acompa\u00f1arlos e insinuarlos a que generen actividad&#8221;<\/strong>. La frase sintetiza la filosof\u00eda de un espacio que ya lleva cuatro ediciones y que naci\u00f3 inspirado en el modelo de <strong>AFIDE de la Universidad de Salamanca<\/strong>, Espa\u00f1a.<\/p>\n<p>El eje del discurso fue la necesidad de que los profesionales entiendan su rol m\u00e1s all\u00e1 del empleo en relaci\u00f3n de dependencia. <strong>&#8220;Un profesional es un vector en potencia de ser un emprendedor para la vida personal y colectiva&#8221;<\/strong>, subray\u00f3, en una frase que resume bien el esp\u00edritu del encuentro. No es una consigna vac\u00eda: es una apuesta concreta a que las aulas dejen de ser el final del camino y se conviertan en el punto de partida de proyectos reales.<\/p>\n<p>Parafraseando al fil\u00f3sofo <strong>Jos\u00e9 Ortega y Gasset<\/strong>, Motta convoc\u00f3 a los presentes con un <strong>&#8220;Argentinos, a las cosas&#8221;<\/strong>, y llam\u00f3 a dejar el sectarismo de lado para avanzar en proyectos comunes entre el sector universitario, el privado y el p\u00fablico. En un contexto donde la fragmentaci\u00f3n suele ser el obst\u00e1culo m\u00e1s grande, la propuesta de trabajar en comuni\u00f3n no es menor.<\/p>\n<p>Tambi\u00e9n hubo lugar para una reflexi\u00f3n hist\u00f3rica sobre <strong>Entre R\u00edos<\/strong>: <strong>&#8220;Fue durante 150 a\u00f1os una isla que permaneci\u00f3 incomunicada. Nos hizo puros, pero tambi\u00e9n diferentes&#8221;<\/strong>, plante\u00f3, y propuso recuperar el esp\u00edritu de quienes inmigraron al pa\u00eds y construyeron desde cero, sin red de contenci\u00f3n. Ese ADN emprendedor, dijo, todav\u00eda est\u00e1 disponible si se lo activa desde la formaci\u00f3n.<\/p>\n<p>El cierre del discurso puso en valor la <strong>C\u00e1tedra H\u00e9ctor Motta<\/strong>, impulsada por la UAP, que busca replicar en los municipios entrerrianos proyectos vinculados a la <strong>econom\u00eda circular<\/strong>, con diagn\u00f3sticos precisos como base para soluciones concretas. La Semana del Emprendimiento e Innovaci\u00f3n continuar\u00e1 durante los pr\u00f3ximos d\u00edas con actividades que re\u00fanen a estudiantes de distintas casas de estudio de la provincia.<\/p>\n<p><script type=\"application\/ld+json\">{\"@context\": \"https:\/\/schema.org\", \"@type\": \"NewsArticle\", \"headline\": \"Motta: \\\"Un profesional es un vector en potencia de ser emprendedor\\\"\", \"description\": \"El empresario av\u00edcola habl\u00f3 en la apertura de la Semana del Emprendimiento e Innovaci\u00f3n Entre R\u00edos 2026, en Villa Libertador San Mart\u00edn.\", \"datePublished\": \"2026-09-01T10:31:09-03:00\", \"dateModified\": \"2026-09-01T10:31:09-03:00\", \"inLanguage\": \"es-AR\", \"articleSection\": \"educacion\", \"author\": {\"@type\": \"Organization\", \"name\": \"Redaccion LT15 Concordia\", \"url\": \"https:\/\/lt15concordia.com.ar\"}, \"publisher\": {\"@type\": \"Organization\", \"name\": \"LT15 Concordia\"}, \"mainEntityOfPage\": {\"@type\": \"WebPage\", \"@id\": \"https:\/\/lt15concordia.com.ar\/index.php\/2026\/09\/01\/motta-un-profesional-es-un-vector-en-potencia-de-ser-emprendedor\/\"}, \"image\": [\"https:\/\/dosflorines.com.ar\/wp-content\/uploads\/2026\/09\/hector-motta-afideer-2026.jpeg\"]}<\/script><\/p>\n","protected":false},"excerpt":{"rendered":"<p>El empresario av\u00edcola habl\u00f3 en la apertura de la Semana del Emprendimiento e Innovaci\u00f3n Entre R\u00edos 2026, en Villa Libertador San Mart\u00edn.<\/p>\n","protected":false},"author":5,"featured_media":60465,"comment_status":"closed","ping_status":"closed","sticky":false,"template":"","format":"standard","meta":{"footnotes":""},"categories":[37],"tags":[2394,3217,2528,63,4008,4641],"_links":{"self":[{"href":"https:\/\/lt15concordia.com.ar\/index.php\/wp-json\/wp\/v2\/posts\/60466"}],"collection":[{"href":"https:\/\/lt15concordia.com.ar\/index.php\/wp-json\/wp\/v2\/posts"}],"about":[{"href":"https:\/\/lt15concordia.com.ar\/index.php\/wp-json\/wp\/v2\/types\/post"}],"author":[{"embeddable":true,"href":"https:\/\/lt15concordia.com.ar\/index.php\/wp-json\/wp\/v2\/users\/5"}],"replies":[{"embeddable":true,"href":"https:\/\/lt15concordia.com.ar\/index.php\/wp-json\/wp\/v2\/comments?post=60466"}],"version-history":[{"count":2,"href":"https:\/\/lt15concordia.com.ar\/index.php\/wp-json\/wp\/v2\/posts\/60466\/revisions"}],"predecessor-version":[{"id":60468,"href":"https:\/\/lt15concordia.com.ar\/index.php\/wp-json\/wp\/v2\/posts\/60466\/revisions\/60468"}],"wp:featuredmedia":[{"embeddable":true,"href":"https:\/\/lt15concordia.com.ar\/index.php\/wp-json\/wp\/v2\/media\/60465"}],"wp:attachment":[{"href":"https:\/\/lt15concordia.com.ar\/index.php\/wp-json\/wp\/v2\/media?parent=60466"}],"wp:term":[{"taxonomy":"category","embeddable":true,"href":"https:\/\/lt15concordia.com.ar\/index.php\/wp-json\/wp\/v2\/categories?post=60466"},{"taxonomy":"post_tag","embeddable":true,"href":"https:\/\/lt15concordia.com.ar\/index.php\/wp-json\/wp\/v2\/tags?post=60466"}],"curies":[{"name":"wp","href":"https:\/\/api.w.org\/{rel}","templated":true}]}}