{"id":60458,"date":"2026-09-01T09:31:53","date_gmt":"2026-09-01T12:31:53","guid":{"rendered":"https:\/\/lt15concordia.com.ar\/?p=60458"},"modified":"2026-09-01T09:32:04","modified_gmt":"2026-09-01T12:32:04","slug":"jubilados-y-gremios-marchan-en-concordia-contra-el-colapso-de-pami","status":"publish","type":"post","link":"https:\/\/lt15concordia.com.ar\/index.php\/2026\/09\/01\/jubilados-y-gremios-marchan-en-concordia-contra-el-colapso-de-pami\/","title":{"rendered":"Jubilados y gremios marchan en Concordia contra el colapso de PAMI"},"content":{"rendered":"<p>El l\u00edmite se rompi\u00f3. <strong>Este martes en Concordia<\/strong>, jubilados y trabajadores vuelven a tomar la calle para exigir lo que deber\u00eda ser innegociable: atenci\u00f3n m\u00e9dica digna para quienes pasaron d\u00e9cadas aportando al sistema. La convocatoria es a las <strong>9 de la ma\u00f1ana en la sede de ATE<\/strong>, desde donde partir\u00e1 la movilizaci\u00f3n bajo las consignas <strong>&#8220;En defensa de PAMI&#8221;<\/strong> y <strong>&#8220;En defensa de la salud&#8221;<\/strong>.<\/p>\n<p>El detonante inmediato es contundente: el <strong>Sanatorio Concordia<\/strong> anunci\u00f3 que a partir de este <strong>1\u00b0 de septiembre<\/strong> dejar\u00e1 de recibir nuevos pacientes de la obra social. Una decisi\u00f3n que, en la pr\u00e1ctica, empuja a miles de afiliados a un laberinto sin salida: recorrer hospitales buscando un turno, esperar horas o d\u00edas, o directamente quedarse sin atenci\u00f3n.<\/p>\n<p>Los organizadores no eligieron palabras suaves. En un comunicado, denunciaron que <strong>jubilados y trabajadores afiliados a PAMI<\/strong> &#8220;hoy se ven obligados a recorrer hospitales en busca de un turno para recibir atenci\u00f3n m\u00e9dica&#8221;, mientras que &#8220;sanatorios y cl\u00ednicas suspenden o cancelan sus prestaciones&#8221;. La imagen es dura: personas mayores, muchas con enfermedades cr\u00f3nicas, yendo de ventanilla en ventanilla sin respuesta.<\/p>\n<p>&#8220;<strong>No podemos permitir que quienes trabajaron y aportaron durante toda su vida tengan que mendigar atenci\u00f3n m\u00e9dica<\/strong>&#8220;, expresaron los convocantes. La palabra &#8220;mendigar&#8221; pesa, y pesa bien. Porque de eso se trata cuando el sistema que alguien financi\u00f3 durante d\u00e9cadas le cierra la puerta en la cara.<\/p>\n<p>El reclamo tambi\u00e9n apunta a la pol\u00edtica de fondo. Los organizadores cuestionaron que la salud &#8220;no puede ser un privilegio ni estar sujeta a decisiones que dejan a <strong>miles de jubilados y trabajadores<\/strong> sin atenci\u00f3n&#8221;, y advirtieron que estas pol\u00edticas &#8220;vulneran derechos fundamentales y atentan contra la dignidad de quienes m\u00e1s necesitan ser protegidos&#8221;.<\/p>\n<p>La convocatoria est\u00e1 abierta a toda la comunidad. La concentraci\u00f3n arranca a las <strong>9 en la sede de ATE de Concordia<\/strong>, y desde all\u00ed se realizar\u00e1 la movilizaci\u00f3n. Es la segunda vez en poco tiempo que el conflicto por la cobertura de <strong>PAMI<\/strong> lleva a jubilados y gremios a las calles de la ciudad, se\u00f1al de que la crisis lejos est\u00e1 de resolverse.<\/p>\n<p><script type=\"application\/ld+json\">{\"@context\": \"https:\/\/schema.org\", \"@type\": \"NewsArticle\", \"headline\": \"Jubilados y gremios marchan en Concordia contra el colapso de PAMI\", \"description\": \"Organizaciones gremiales y sociales se movilizan este martes desde la sede de ATE para reclamar por la atenci\u00f3n m\u00e9dica de los afiliados de PAMI en Concordia.\", \"datePublished\": \"2026-09-01T09:32:04-03:00\", \"dateModified\": \"2026-09-01T09:32:04-03:00\", \"inLanguage\": \"es-AR\", \"articleSection\": \"salud\", \"author\": {\"@type\": \"Organization\", \"name\": \"Redaccion LT15 Concordia\", \"url\": \"https:\/\/lt15concordia.com.ar\"}, \"publisher\": {\"@type\": \"Organization\", \"name\": \"LT15 Concordia\"}, \"mainEntityOfPage\": {\"@type\": \"WebPage\", \"@id\": \"https:\/\/lt15concordia.com.ar\/index.php\/2026\/09\/01\/jubilados-y-gremios-marchan-en-concordia-contra-el-colapso-de-pami\/\"}, \"image\": [\"https:\/\/www.diariojunio.com.ar\/wp-content\/uploads\/2026\/09\/images-6.jpeg\"]}<\/script><\/p>\n","protected":false},"excerpt":{"rendered":"<p>Organizaciones gremiales y sociales se movilizan este martes desde la sede de ATE para reclamar por la atenci\u00f3n m\u00e9dica de los afiliados de PAMI en Concordia.<\/p>\n","protected":false},"author":5,"featured_media":60457,"comment_status":"closed","ping_status":"closed","sticky":false,"template":"","format":"standard","meta":{"footnotes":""},"categories":[30],"tags":[41,1997,131,3045,289,87],"_links":{"self":[{"href":"https:\/\/lt15concordia.com.ar\/index.php\/wp-json\/wp\/v2\/posts\/60458"}],"collection":[{"href":"https:\/\/lt15concordia.com.ar\/index.php\/wp-json\/wp\/v2\/posts"}],"about":[{"href":"https:\/\/lt15concordia.com.ar\/index.php\/wp-json\/wp\/v2\/types\/post"}],"author":[{"embeddable":true,"href":"https:\/\/lt15concordia.com.ar\/index.php\/wp-json\/wp\/v2\/users\/5"}],"replies":[{"embeddable":true,"href":"https:\/\/lt15concordia.com.ar\/index.php\/wp-json\/wp\/v2\/comments?post=60458"}],"version-history":[{"count":2,"href":"https:\/\/lt15concordia.com.ar\/index.php\/wp-json\/wp\/v2\/posts\/60458\/revisions"}],"predecessor-version":[{"id":60460,"href":"https:\/\/lt15concordia.com.ar\/index.php\/wp-json\/wp\/v2\/posts\/60458\/revisions\/60460"}],"wp:featuredmedia":[{"embeddable":true,"href":"https:\/\/lt15concordia.com.ar\/index.php\/wp-json\/wp\/v2\/media\/60457"}],"wp:attachment":[{"href":"https:\/\/lt15concordia.com.ar\/index.php\/wp-json\/wp\/v2\/media?parent=60458"}],"wp:term":[{"taxonomy":"category","embeddable":true,"href":"https:\/\/lt15concordia.com.ar\/index.php\/wp-json\/wp\/v2\/categories?post=60458"},{"taxonomy":"post_tag","embeddable":true,"href":"https:\/\/lt15concordia.com.ar\/index.php\/wp-json\/wp\/v2\/tags?post=60458"}],"curies":[{"name":"wp","href":"https:\/\/api.w.org\/{rel}","templated":true}]}}