{"id":60442,"date":"2026-09-01T07:31:37","date_gmt":"2026-09-01T10:31:37","guid":{"rendered":"https:\/\/lt15concordia.com.ar\/?p=60442"},"modified":"2026-09-01T07:31:48","modified_gmt":"2026-09-01T10:31:48","slug":"giro-en-la-causa-de-callejero-fino-declaro-y-su-abogado-renuncio","status":"publish","type":"post","link":"https:\/\/lt15concordia.com.ar\/index.php\/2026\/09\/01\/giro-en-la-causa-de-callejero-fino-declaro-y-su-abogado-renuncio\/","title":{"rendered":"Giro en la causa de Callejero Fino: declar\u00f3 y su abogado renunci\u00f3"},"content":{"rendered":"<p>Otro cap\u00edtulo inesperado en la causa judicial que tiene a <strong>Callejero Fino<\/strong> en el centro de la escena. Este lunes, el cantante de cumbia prest\u00f3 declaraci\u00f3n ante la Justicia y, casi en simult\u00e1neo, su defensor <strong>Ignacio Barrios<\/strong> anunci\u00f3 que dejaba el caso. La raz\u00f3n: diferencias en la estrategia adoptada durante la investigaci\u00f3n.<\/p>\n<p>La salida del abogado en pleno proceso no es un detalle menor. Cambiar de defensor en medio de una causa activa implica tiempos, ajustes y, sobre todo, incertidumbre para el imputado. <strong>Barrios<\/strong> y el m\u00fasico no lograron ponerse de acuerdo en c\u00f3mo pararse frente a la investigaci\u00f3n, y esa fractura termin\u00f3 siendo insalvable.<\/p>\n<p>Tras prestar declaraci\u00f3n, <strong>Callejero Fino<\/strong> regres\u00f3 a la <strong>comisar\u00eda de Benav\u00eddez<\/strong>, donde permanece alojado. La causa sigue su curso con el cantante privado de su libertad y ahora sin el abogado que lo ven\u00eda acompa\u00f1ando desde el inicio del proceso.<\/p>\n<p>El caso deber\u00e1 reorganizarse con una nueva defensa t\u00e9cnica. Hasta que eso ocurra, el expediente queda en una situaci\u00f3n de transici\u00f3n que, en la pr\u00e1ctica judicial, puede demorar los pasos siguientes. Lo que queda claro es que la causa est\u00e1 lejos de cerrarse.<\/p>\n<p><script type=\"application\/ld+json\">{\"@context\": \"https:\/\/schema.org\", \"@type\": \"NewsArticle\", \"headline\": \"Giro en la causa de Callejero Fino: declar\u00f3 y su abogado renunci\u00f3\", \"description\": \"El cantante prest\u00f3 declaraci\u00f3n este lunes y su defensor Ignacio Barrios dej\u00f3 el caso por diferencias en la estrategia. Sigue alojado en Benav\u00eddez.\", \"datePublished\": \"2026-09-01T07:31:48-03:00\", \"dateModified\": \"2026-09-01T07:31:48-03:00\", \"inLanguage\": \"es-AR\", \"articleSection\": \"seguridad\", \"author\": {\"@type\": \"Organization\", \"name\": \"Redaccion LT15 Concordia\", \"url\": \"https:\/\/lt15concordia.com.ar\"}, \"publisher\": {\"@type\": \"Organization\", \"name\": \"LT15 Concordia\"}, \"mainEntityOfPage\": {\"@type\": \"WebPage\", \"@id\": \"https:\/\/lt15concordia.com.ar\/index.php\/2026\/09\/01\/giro-en-la-causa-de-callejero-fino-declaro-y-su-abogado-renuncio\/\"}, \"image\": [\"https:\/\/elonce-media.elonce.com\/fotos\/2026\/08\/30\/m_1788134820_60717.webp\"]}<\/script><\/p>\n","protected":false},"excerpt":{"rendered":"<p>El cantante prest\u00f3 declaraci\u00f3n este lunes y su defensor Ignacio Barrios dej\u00f3 el caso por diferencias en la estrategia. Sigue alojado en Benav\u00eddez.<\/p>\n","protected":false},"author":5,"featured_media":60441,"comment_status":"closed","ping_status":"closed","sticky":false,"template":"","format":"standard","meta":{"footnotes":""},"categories":[89,33],"tags":[4636,4411,4638,4637],"_links":{"self":[{"href":"https:\/\/lt15concordia.com.ar\/index.php\/wp-json\/wp\/v2\/posts\/60442"}],"collection":[{"href":"https:\/\/lt15concordia.com.ar\/index.php\/wp-json\/wp\/v2\/posts"}],"about":[{"href":"https:\/\/lt15concordia.com.ar\/index.php\/wp-json\/wp\/v2\/types\/post"}],"author":[{"embeddable":true,"href":"https:\/\/lt15concordia.com.ar\/index.php\/wp-json\/wp\/v2\/users\/5"}],"replies":[{"embeddable":true,"href":"https:\/\/lt15concordia.com.ar\/index.php\/wp-json\/wp\/v2\/comments?post=60442"}],"version-history":[{"count":2,"href":"https:\/\/lt15concordia.com.ar\/index.php\/wp-json\/wp\/v2\/posts\/60442\/revisions"}],"predecessor-version":[{"id":60444,"href":"https:\/\/lt15concordia.com.ar\/index.php\/wp-json\/wp\/v2\/posts\/60442\/revisions\/60444"}],"wp:featuredmedia":[{"embeddable":true,"href":"https:\/\/lt15concordia.com.ar\/index.php\/wp-json\/wp\/v2\/media\/60441"}],"wp:attachment":[{"href":"https:\/\/lt15concordia.com.ar\/index.php\/wp-json\/wp\/v2\/media?parent=60442"}],"wp:term":[{"taxonomy":"category","embeddable":true,"href":"https:\/\/lt15concordia.com.ar\/index.php\/wp-json\/wp\/v2\/categories?post=60442"},{"taxonomy":"post_tag","embeddable":true,"href":"https:\/\/lt15concordia.com.ar\/index.php\/wp-json\/wp\/v2\/tags?post=60442"}],"curies":[{"name":"wp","href":"https:\/\/api.w.org\/{rel}","templated":true}]}}