{"id":60438,"date":"2026-09-01T07:30:50","date_gmt":"2026-09-01T10:30:50","guid":{"rendered":"https:\/\/lt15concordia.com.ar\/?p=60438"},"modified":"2026-09-01T07:31:01","modified_gmt":"2026-09-01T10:31:01","slug":"un-contenedor-en-llamas-destruyo-un-auto-en-parana-en-segundos","status":"publish","type":"post","link":"https:\/\/lt15concordia.com.ar\/index.php\/2026\/09\/01\/un-contenedor-en-llamas-destruyo-un-auto-en-parana-en-segundos\/","title":{"rendered":"Un contenedor en llamas destruy\u00f3 un auto en Paran\u00e1 en segundos"},"content":{"rendered":"<p>Pasadas las <strong>4 de la madrugada del martes<\/strong>, sobre la calle <strong>Andr\u00e9s Pazos<\/strong> de <strong>Paran\u00e1<\/strong>, un incendio que arranc\u00f3 en un contenedor de basura termin\u00f3 devorando un auto estacionado a pocos metros. Cuesti\u00f3n de segundos, dijeron los propios due\u00f1os del veh\u00edculo. Y no exageraron.<\/p>\n<p>Las llamas tomaron el <strong>Fiat Idea<\/strong> con una velocidad que no dej\u00f3 margen para reaccionar. El fuego salt\u00f3 del contenedor al auto casi sin pausa, con la frialdad implacable que tiene el fuego cuando encuentra combustible cerca y nadie que lo frene a tiempo.<\/p>\n<p>Lo que pudo ser una tragedia mayor qued\u00f3 en el susto y en la p\u00e9rdida material. <strong>No hubo personas heridas<\/strong>, un dato que los due\u00f1os del veh\u00edculo remarcaron con alivio evidente al contar lo que vivieron. La escena que encontraron al llegar fue la de un auto carbonizado, inutilizable, sin vuelta atr\u00e1s.<\/p>\n<p>El episodio vuelve a poner sobre la mesa una pregunta que muchos vecinos de distintas ciudades se hacen hace a\u00f1os: \u00bfqu\u00e9 tan seguros son los contenedores ubicados en la v\u00eda p\u00fablica, pegados a veh\u00edculos, a \u00e1rboles, a fachadas? Un contenedor incendiado en la madrugada, sin testigos inmediatos, puede convertirse en minutos en un problema mucho m\u00e1s grave. Esta vez el da\u00f1o fue un auto. Otras veces no fue tan poco.<\/p>\n<p>Las causas del incendio est\u00e1n siendo investigadas. Por el momento, <strong>no se descarta ninguna hip\u00f3tesis<\/strong>, aunque el foco inicial estuvo claramente en el contenedor y no en el veh\u00edculo.<\/p>\n<p><script type=\"application\/ld+json\">{\"@context\": \"https:\/\/schema.org\", \"@type\": \"NewsArticle\", \"headline\": \"Un contenedor en llamas destruy\u00f3 un auto en Paran\u00e1 en segundos\", \"description\": \"El fuego comenz\u00f3 en un contenedor sobre calle Andr\u00e9s Pazos y se extendi\u00f3 hasta un Fiat Idea estacionado cerca. No hubo heridos.\", \"datePublished\": \"2026-09-01T07:31:01-03:00\", \"dateModified\": \"2026-09-01T07:31:01-03:00\", \"inLanguage\": \"es-AR\", \"articleSection\": \"seguridad\", \"author\": {\"@type\": \"Organization\", \"name\": \"Redaccion LT15 Concordia\", \"url\": \"https:\/\/lt15concordia.com.ar\"}, \"publisher\": {\"@type\": \"Organization\", \"name\": \"LT15 Concordia\"}, \"mainEntityOfPage\": {\"@type\": \"WebPage\", \"@id\": \"https:\/\/lt15concordia.com.ar\/index.php\/2026\/09\/01\/un-contenedor-en-llamas-destruyo-un-auto-en-parana-en-segundos\/\"}, \"image\": [\"https:\/\/elonce-media.elonce.com\/fotos\/2026\/09\/01\/m_1788257890_2771.webp\"]}<\/script><\/p>\n","protected":false},"excerpt":{"rendered":"<p>El fuego comenz\u00f3 en un contenedor sobre calle Andr\u00e9s Pazos y se extendi\u00f3 hasta un Fiat Idea estacionado cerca. No hubo heridos.<\/p>\n","protected":false},"author":5,"featured_media":60437,"comment_status":"closed","ping_status":"closed","sticky":false,"template":"","format":"standard","meta":{"footnotes":""},"categories":[33,37],"tags":[4635,63,202,67,2371],"_links":{"self":[{"href":"https:\/\/lt15concordia.com.ar\/index.php\/wp-json\/wp\/v2\/posts\/60438"}],"collection":[{"href":"https:\/\/lt15concordia.com.ar\/index.php\/wp-json\/wp\/v2\/posts"}],"about":[{"href":"https:\/\/lt15concordia.com.ar\/index.php\/wp-json\/wp\/v2\/types\/post"}],"author":[{"embeddable":true,"href":"https:\/\/lt15concordia.com.ar\/index.php\/wp-json\/wp\/v2\/users\/5"}],"replies":[{"embeddable":true,"href":"https:\/\/lt15concordia.com.ar\/index.php\/wp-json\/wp\/v2\/comments?post=60438"}],"version-history":[{"count":2,"href":"https:\/\/lt15concordia.com.ar\/index.php\/wp-json\/wp\/v2\/posts\/60438\/revisions"}],"predecessor-version":[{"id":60440,"href":"https:\/\/lt15concordia.com.ar\/index.php\/wp-json\/wp\/v2\/posts\/60438\/revisions\/60440"}],"wp:featuredmedia":[{"embeddable":true,"href":"https:\/\/lt15concordia.com.ar\/index.php\/wp-json\/wp\/v2\/media\/60437"}],"wp:attachment":[{"href":"https:\/\/lt15concordia.com.ar\/index.php\/wp-json\/wp\/v2\/media?parent=60438"}],"wp:term":[{"taxonomy":"category","embeddable":true,"href":"https:\/\/lt15concordia.com.ar\/index.php\/wp-json\/wp\/v2\/categories?post=60438"},{"taxonomy":"post_tag","embeddable":true,"href":"https:\/\/lt15concordia.com.ar\/index.php\/wp-json\/wp\/v2\/tags?post=60438"}],"curies":[{"name":"wp","href":"https:\/\/api.w.org\/{rel}","templated":true}]}}