{"id":60424,"date":"2026-08-31T22:32:37","date_gmt":"2026-09-01T01:32:37","guid":{"rendered":"https:\/\/lt15concordia.com.ar\/?p=60424"},"modified":"2026-08-31T22:32:49","modified_gmt":"2026-09-01T01:32:49","slug":"parana-recibe-el-encuentro-de-comunidades-de-habla-alemana-de-america-latina","status":"publish","type":"post","link":"https:\/\/lt15concordia.com.ar\/index.php\/2026\/08\/31\/parana-recibe-el-encuentro-de-comunidades-de-habla-alemana-de-america-latina\/","title":{"rendered":"Paran\u00e1 recibe el encuentro de comunidades de habla alemana de Am\u00e9rica Latina"},"content":{"rendered":"<p>Cuatro d\u00edas, un solo idioma como hilo conductor y representantes llegando desde distintos rincones de <strong>Argentina<\/strong> y de toda <strong>Am\u00e9rica Latina<\/strong>. <strong>Paran\u00e1<\/strong> se prepara para ser el epicentro de una cita cultural que no pasa desapercibida: el <strong>21\u00b0 Encuentro de Comunidades de Habla Alemana de Am\u00e9rica Latina<\/strong>, que se realizar\u00e1 del <strong>3 al 6 de septiembre<\/strong> en el <strong>Centro Provincial de Convenciones<\/strong>.<\/p>\n<p>El evento re\u00fane a comunidades que mantienen viva la lengua y las tradiciones alemanas en suelo latinoamericano, muchas de ellas con d\u00e9cadas \u2014o siglos\u2014 de arraigo en la regi\u00f3n. No es un congreso de acad\u00e9micos ni una feria tur\u00edstica: es un espacio de recuperaci\u00f3n identitaria, donde el idioma, las ra\u00edces y la memoria colectiva son los protagonistas reales.<\/p>\n<p>La agenda incluye <strong>talleres<\/strong>, <strong>expresiones art\u00edsticas<\/strong>, <strong>gastronom\u00eda t\u00edpica<\/strong> y actividades orientadas espec\u00edficamente a recuperar el uso del alem\u00e1n entre las nuevas generaciones. Ese \u00faltimo punto no es menor: en muchas comunidades, la lengua heredada de los abuelos se fue diluyendo con el tiempo, y encuentros como este funcionan como un ancla cultural ante ese proceso.<\/p>\n<p>Que <strong>Paran\u00e1<\/strong>, capital de <strong>Entre R\u00edos<\/strong>, sea la sede de esta edici\u00f3n tiene su l\u00f3gica: la provincia tiene una historia profunda de inmigraci\u00f3n europea, con comunidades de origen alem\u00e1n, suizo y ruso-alem\u00e1n que se instalaron en distintos puntos del territorio entrerriano desde el siglo XIX. El v\u00ednculo entre la identidad provincial y esa herencia no es decorativo, es constitutivo.<\/p>\n<p>El encuentro se extiende durante cuatro jornadas en el <strong>Centro Provincial de Convenciones de Paran\u00e1<\/strong>, con actividades abiertas al p\u00fablico y otras de car\u00e1cter interno para los delegados de cada comunidad participante.<\/p>\n<p><script type=\"application\/ld+json\">{\"@context\": \"https:\/\/schema.org\", \"@type\": \"NewsArticle\", \"headline\": \"Paran\u00e1 recibe el encuentro de comunidades de habla alemana de Am\u00e9rica Latina\", \"description\": \"Del 3 al 6 de septiembre, el Centro Provincial de Convenciones de Paran\u00e1 ser\u00e1 sede del 21\u00b0 Encuentro de Comunidades de Habla Alemana de Am\u00e9rica Latina.\", \"datePublished\": \"2026-08-31T22:32:49-03:00\", \"dateModified\": \"2026-08-31T22:32:49-03:00\", \"inLanguage\": \"es-AR\", \"articleSection\": \"cultura\", \"author\": {\"@type\": \"Organization\", \"name\": \"Redaccion LT15 Concordia\", \"url\": \"https:\/\/lt15concordia.com.ar\"}, \"publisher\": {\"@type\": \"Organization\", \"name\": \"LT15 Concordia\"}, \"mainEntityOfPage\": {\"@type\": \"WebPage\", \"@id\": \"https:\/\/lt15concordia.com.ar\/index.php\/2026\/08\/31\/parana-recibe-el-encuentro-de-comunidades-de-habla-alemana-de-america-latina\/\"}, \"image\": [\"https:\/\/elonce-media.elonce.com\/fotos\/2026\/08\/31\/m_1788223585_19592.webp\"]}<\/script><\/p>\n","protected":false},"excerpt":{"rendered":"<p>Del 3 al 6 de septiembre, el Centro Provincial de Convenciones de Paran\u00e1 ser\u00e1 sede del 21\u00b0 Encuentro de Comunidades de Habla Alemana de Am\u00e9rica Latina.<\/p>\n","protected":false},"author":5,"featured_media":60423,"comment_status":"closed","ping_status":"closed","sticky":false,"template":"","format":"standard","meta":{"footnotes":""},"categories":[37],"tags":[4541,4632,298,63,277,67],"_links":{"self":[{"href":"https:\/\/lt15concordia.com.ar\/index.php\/wp-json\/wp\/v2\/posts\/60424"}],"collection":[{"href":"https:\/\/lt15concordia.com.ar\/index.php\/wp-json\/wp\/v2\/posts"}],"about":[{"href":"https:\/\/lt15concordia.com.ar\/index.php\/wp-json\/wp\/v2\/types\/post"}],"author":[{"embeddable":true,"href":"https:\/\/lt15concordia.com.ar\/index.php\/wp-json\/wp\/v2\/users\/5"}],"replies":[{"embeddable":true,"href":"https:\/\/lt15concordia.com.ar\/index.php\/wp-json\/wp\/v2\/comments?post=60424"}],"version-history":[{"count":2,"href":"https:\/\/lt15concordia.com.ar\/index.php\/wp-json\/wp\/v2\/posts\/60424\/revisions"}],"predecessor-version":[{"id":60426,"href":"https:\/\/lt15concordia.com.ar\/index.php\/wp-json\/wp\/v2\/posts\/60424\/revisions\/60426"}],"wp:featuredmedia":[{"embeddable":true,"href":"https:\/\/lt15concordia.com.ar\/index.php\/wp-json\/wp\/v2\/media\/60423"}],"wp:attachment":[{"href":"https:\/\/lt15concordia.com.ar\/index.php\/wp-json\/wp\/v2\/media?parent=60424"}],"wp:term":[{"taxonomy":"category","embeddable":true,"href":"https:\/\/lt15concordia.com.ar\/index.php\/wp-json\/wp\/v2\/categories?post=60424"},{"taxonomy":"post_tag","embeddable":true,"href":"https:\/\/lt15concordia.com.ar\/index.php\/wp-json\/wp\/v2\/tags?post=60424"}],"curies":[{"name":"wp","href":"https:\/\/api.w.org\/{rel}","templated":true}]}}