{"id":60416,"date":"2026-08-31T22:31:00","date_gmt":"2026-09-01T01:31:00","guid":{"rendered":"https:\/\/lt15concordia.com.ar\/?p=60416"},"modified":"2026-08-31T22:31:12","modified_gmt":"2026-09-01T01:31:12","slug":"el-coro-de-la-ciudad-cumple-30-anos-y-festeja-con-conciertos-gratis","status":"publish","type":"post","link":"https:\/\/lt15concordia.com.ar\/index.php\/2026\/08\/31\/el-coro-de-la-ciudad-cumple-30-anos-y-festeja-con-conciertos-gratis\/","title":{"rendered":"El Coro de la Ciudad cumple 30 a\u00f1os y festeja con conciertos gratis"},"content":{"rendered":"<p>Treinta a\u00f1os no se cumplen todos los d\u00edas, y el <strong>Coro de la Ciudad<\/strong> lo sabe bien. La agrupaci\u00f3n est\u00e1 en plena etapa de ensayos para preparar el repertorio con el que va a celebrar tres d\u00e9cadas de historia coral, y ya tiene la primera fecha marcada en el calendario.<\/p>\n<p>El encuentro inaugural ser\u00e1 el <strong>12 de septiembre<\/strong> en el <strong>Teatro 3 de Febrero<\/strong>, con entrada libre y gratuita. Un gesto que dice mucho: la cultura no tiene que tener precio de entrada para llegar a la gente.<\/p>\n<p>La celebraci\u00f3n no se va a quedar en un solo concierto. El Coro anticip\u00f3 que habr\u00e1 una <strong>serie de encuentros corales<\/strong>, lo que convierte este aniversario en un ciclo sostenido y no en un festejo de una sola noche. Treinta a\u00f1os de voces, de ensayos, de directores y de p\u00fablico merecen m\u00e1s que una funci\u00f3n.<\/p>\n<p>Para quienes quieran ser parte de este aniversario, la cita del <strong>12 de septiembre en el Teatro 3 de Febrero<\/strong> es el punto de partida. Sin costo, sin excusas.<\/p>\n<p><script type=\"application\/ld+json\">{\"@context\": \"https:\/\/schema.org\", \"@type\": \"NewsArticle\", \"headline\": \"El Coro de la Ciudad cumple 30 a\u00f1os y festeja con conciertos gratis\", \"description\": \"El Coro de la Ciudad prepara una serie de encuentros corales para celebrar tres d\u00e9cadas. El primero ser\u00e1 el 12 de septiembre en el Teatro 3 de Febrero.\", \"datePublished\": \"2026-08-31T22:31:11-03:00\", \"dateModified\": \"2026-08-31T22:31:11-03:00\", \"inLanguage\": \"es-AR\", \"articleSection\": \"cultura\", \"author\": {\"@type\": \"Organization\", \"name\": \"Redaccion LT15 Concordia\", \"url\": \"https:\/\/lt15concordia.com.ar\"}, \"publisher\": {\"@type\": \"Organization\", \"name\": \"LT15 Concordia\"}, \"mainEntityOfPage\": {\"@type\": \"WebPage\", \"@id\": \"https:\/\/lt15concordia.com.ar\/index.php\/2026\/08\/31\/el-coro-de-la-ciudad-cumple-30-anos-y-festeja-con-conciertos-gratis\/\"}, \"image\": [\"https:\/\/elonce-media.elonce.com\/fotos\/2026\/08\/31\/m_1788223700_30727.webp\"]}<\/script><\/p>\n","protected":false},"excerpt":{"rendered":"<p>El Coro de la Ciudad prepara una serie de encuentros corales para celebrar tres d\u00e9cadas. El primero ser\u00e1 el 12 de septiembre en el Teatro 3 de Febrero.<\/p>\n","protected":false},"author":5,"featured_media":60415,"comment_status":"closed","ping_status":"closed","sticky":false,"template":"","format":"standard","meta":{"footnotes":""},"categories":[37],"tags":[4626,298,4628,67,4627],"_links":{"self":[{"href":"https:\/\/lt15concordia.com.ar\/index.php\/wp-json\/wp\/v2\/posts\/60416"}],"collection":[{"href":"https:\/\/lt15concordia.com.ar\/index.php\/wp-json\/wp\/v2\/posts"}],"about":[{"href":"https:\/\/lt15concordia.com.ar\/index.php\/wp-json\/wp\/v2\/types\/post"}],"author":[{"embeddable":true,"href":"https:\/\/lt15concordia.com.ar\/index.php\/wp-json\/wp\/v2\/users\/5"}],"replies":[{"embeddable":true,"href":"https:\/\/lt15concordia.com.ar\/index.php\/wp-json\/wp\/v2\/comments?post=60416"}],"version-history":[{"count":2,"href":"https:\/\/lt15concordia.com.ar\/index.php\/wp-json\/wp\/v2\/posts\/60416\/revisions"}],"predecessor-version":[{"id":60418,"href":"https:\/\/lt15concordia.com.ar\/index.php\/wp-json\/wp\/v2\/posts\/60416\/revisions\/60418"}],"wp:featuredmedia":[{"embeddable":true,"href":"https:\/\/lt15concordia.com.ar\/index.php\/wp-json\/wp\/v2\/media\/60415"}],"wp:attachment":[{"href":"https:\/\/lt15concordia.com.ar\/index.php\/wp-json\/wp\/v2\/media?parent=60416"}],"wp:term":[{"taxonomy":"category","embeddable":true,"href":"https:\/\/lt15concordia.com.ar\/index.php\/wp-json\/wp\/v2\/categories?post=60416"},{"taxonomy":"post_tag","embeddable":true,"href":"https:\/\/lt15concordia.com.ar\/index.php\/wp-json\/wp\/v2\/tags?post=60416"}],"curies":[{"name":"wp","href":"https:\/\/api.w.org\/{rel}","templated":true}]}}