{"id":60412,"date":"2026-08-31T21:32:51","date_gmt":"2026-09-01T00:32:51","guid":{"rendered":"https:\/\/lt15concordia.com.ar\/?p=60412"},"modified":"2026-08-31T21:33:02","modified_gmt":"2026-09-01T00:33:02","slug":"uner-y-fao-unen-bosques-nativos-y-ganaderia-en-federal-con-usd-100000","status":"publish","type":"post","link":"https:\/\/lt15concordia.com.ar\/index.php\/2026\/08\/31\/uner-y-fao-unen-bosques-nativos-y-ganaderia-en-federal-con-usd-100000\/","title":{"rendered":"UNER y FAO unen bosques nativos y ganader\u00eda en Federal con USD 100.000"},"content":{"rendered":"<p>Conservar el monte y producir m\u00e1s carne al mismo tiempo. Lo que suena a contradicci\u00f3n tiene, en <strong>Federal<\/strong>, un plan concreto, financiamiento internacional y respaldo acad\u00e9mico. La <strong>Facultad de Ciencias Agropecuarias de la Universidad Nacional de Entre R\u00edos (UNER)<\/strong> formul\u00f3 junto a la <strong>FAO<\/strong> \u2014el organismo de la ONU para la alimentaci\u00f3n y la agricultura\u2014 un plan de manejo que integra bosques nativos y ganader\u00eda, y que se pondr\u00e1 en marcha en un establecimiento productivo de esa ciudad del norte entrerriano.<\/p>\n<p>La iniciativa contempla <strong>inversiones por 100.000 d\u00f3lares<\/strong> y apunta a dos objetivos que hist\u00f3ricamente se presentaron como incompatibles: <strong>conservar el bosque nativo<\/strong> y al mismo tiempo <strong>mejorar los \u00edndices de producci\u00f3n ganadera<\/strong>. La apuesta es demostrar que el monte no es un obst\u00e1culo para el campo, sino un recurso que, bien gestionado, puede potenciar la actividad.<\/p>\n<p>El proyecto se enmarca en una tendencia global que busca reemplazar el modelo de desmonte y monocultivo por sistemas silvopastoriles, donde los \u00e1rboles, el pasto y el ganado conviven y se complementan. En el caso entrerriano, el desaf\u00edo es especialmente relevante: <strong>Entre R\u00edos<\/strong> perdi\u00f3 en las \u00faltimas d\u00e9cadas una porci\u00f3n significativa de su cobertura forestal nativa por la presi\u00f3n agropecuaria, y la provincia todav\u00eda no logr\u00f3 consolidar un modelo alternativo que sea econ\u00f3micamente viable para los productores.<\/p>\n<p>La participaci\u00f3n de la <strong>UNER<\/strong> en la formulaci\u00f3n del plan le da al proyecto un sustento t\u00e9cnico que va m\u00e1s all\u00e1 de la declaraci\u00f3n de intenciones. La Facultad de Ciencias Agropecuarias tiene experiencia en el territorio y conoce las particularidades del ecosistema del <strong>norte entrerriano<\/strong>, una zona donde el espinal y el monte nativo conviven con la ganader\u00eda extensiva desde hace generaciones. El respaldo de la <strong>FAO<\/strong> y el financiamiento en d\u00f3lares le agregan escala y proyecci\u00f3n a una experiencia que, si funciona, podr\u00eda replicarse en otros establecimientos de la regi\u00f3n.<\/p>\n<p>El establecimiento de <strong>Federal<\/strong> donde se implementar\u00e1 el plan ser\u00e1, en la pr\u00e1ctica, un campo demostrativo: los resultados que arroje en materia de biodiversidad, productividad y sustentabilidad servir\u00e1n de referencia para otros productores que hoy dudan entre conservar el monte o convertirlo. El desaf\u00edo no es solo t\u00e9cnico sino tambi\u00e9n cultural: cambiar la l\u00f3gica de quien ve en el \u00e1rbol nativo un problema antes que un activo.<\/p>\n<p><script type=\"application\/ld+json\">{\"@context\": \"https:\/\/schema.org\", \"@type\": \"NewsArticle\", \"headline\": \"UNER y FAO unen bosques nativos y ganader\u00eda en Federal con USD 100.000\", \"description\": \"La Facultad de Ciencias Agropecuarias de la UNER formul\u00f3 con la FAO un plan de manejo que se implementar\u00e1 en un establecimiento de Federal, Entre R\u00edos.\", \"datePublished\": \"2026-08-31T21:33:01-03:00\", \"dateModified\": \"2026-08-31T21:33:01-03:00\", \"inLanguage\": \"es-AR\", \"articleSection\": \"economia\", \"author\": {\"@type\": \"Organization\", \"name\": \"Redaccion LT15 Concordia\", \"url\": \"https:\/\/lt15concordia.com.ar\"}, \"publisher\": {\"@type\": \"Organization\", \"name\": \"LT15 Concordia\"}, \"mainEntityOfPage\": {\"@type\": \"WebPage\", \"@id\": \"https:\/\/lt15concordia.com.ar\/index.php\/2026\/08\/31\/uner-y-fao-unen-bosques-nativos-y-ganaderia-en-federal-con-usd-100000\/\"}, \"image\": [\"https:\/\/elonce-media.elonce.com\/fotos\/2024\/10\/09\/m_1728473660_37984.webp\"]}<\/script><\/p>\n","protected":false},"excerpt":{"rendered":"<p>La Facultad de Ciencias Agropecuarias de la UNER formul\u00f3 con la FAO un plan de manejo que se implementar\u00e1 en un establecimiento de Federal, Entre R\u00edos.<\/p>\n","protected":false},"author":5,"featured_media":60411,"comment_status":"closed","ping_status":"closed","sticky":false,"template":"","format":"standard","meta":{"footnotes":""},"categories":[37],"tags":[4624,63,4625,696,1588,498],"_links":{"self":[{"href":"https:\/\/lt15concordia.com.ar\/index.php\/wp-json\/wp\/v2\/posts\/60412"}],"collection":[{"href":"https:\/\/lt15concordia.com.ar\/index.php\/wp-json\/wp\/v2\/posts"}],"about":[{"href":"https:\/\/lt15concordia.com.ar\/index.php\/wp-json\/wp\/v2\/types\/post"}],"author":[{"embeddable":true,"href":"https:\/\/lt15concordia.com.ar\/index.php\/wp-json\/wp\/v2\/users\/5"}],"replies":[{"embeddable":true,"href":"https:\/\/lt15concordia.com.ar\/index.php\/wp-json\/wp\/v2\/comments?post=60412"}],"version-history":[{"count":2,"href":"https:\/\/lt15concordia.com.ar\/index.php\/wp-json\/wp\/v2\/posts\/60412\/revisions"}],"predecessor-version":[{"id":60414,"href":"https:\/\/lt15concordia.com.ar\/index.php\/wp-json\/wp\/v2\/posts\/60412\/revisions\/60414"}],"wp:featuredmedia":[{"embeddable":true,"href":"https:\/\/lt15concordia.com.ar\/index.php\/wp-json\/wp\/v2\/media\/60411"}],"wp:attachment":[{"href":"https:\/\/lt15concordia.com.ar\/index.php\/wp-json\/wp\/v2\/media?parent=60412"}],"wp:term":[{"taxonomy":"category","embeddable":true,"href":"https:\/\/lt15concordia.com.ar\/index.php\/wp-json\/wp\/v2\/categories?post=60412"},{"taxonomy":"post_tag","embeddable":true,"href":"https:\/\/lt15concordia.com.ar\/index.php\/wp-json\/wp\/v2\/tags?post=60412"}],"curies":[{"name":"wp","href":"https:\/\/api.w.org\/{rel}","templated":true}]}}