{"id":60404,"date":"2026-08-31T21:30:58","date_gmt":"2026-09-01T00:30:58","guid":{"rendered":"https:\/\/lt15concordia.com.ar\/?p=60404"},"modified":"2026-08-31T21:31:10","modified_gmt":"2026-09-01T00:31:10","slug":"charla-gratuita-sobre-emociones-limites-y-pantallas-para-familias","status":"publish","type":"post","link":"https:\/\/lt15concordia.com.ar\/index.php\/2026\/08\/31\/charla-gratuita-sobre-emociones-limites-y-pantallas-para-familias\/","title":{"rendered":"Charla gratuita sobre emociones, l\u00edmites y pantallas para familias"},"content":{"rendered":"<p>Acompa\u00f1ar a un chico no es solo estar presente: es saber qu\u00e9 hacer cuando las emociones desbordan, cuando los l\u00edmites se diluyen y cuando las pantallas copan todo el espacio. Para eso, y para mucho m\u00e1s, llega <strong>&#8220;Emociones en familia&#8221;<\/strong>, una charla gratuita pensada para los adultos que tienen ni\u00f1os y adolescentes cerca.<\/p>\n<p>La propuesta la lidera <strong>Luc\u00eda Franchi<\/strong>, especialista que ya viene trabajando los ejes que m\u00e1s preocupan a padres, madres, docentes y cuidadores: c\u00f3mo gestionar las emociones en el v\u00ednculo cotidiano, c\u00f3mo poner l\u00edmites sin romper la confianza y qu\u00e9 hacer con el uso de las pantallas, ese tema que genera tensi\u00f3n en casi todas las casas.<\/p>\n<p>Franchi adelant\u00f3 que la charla no va a ser una clase magistral ni una lista de mandatos. La idea es brindar <strong>herramientas concretas y aplicables<\/strong>, con un enfoque que reconoce que cada familia tiene su propia din\u00e1mica y que no hay recetas \u00fanicas. Lo que s\u00ed hay, seg\u00fan la especialista, son recursos que pueden marcar una diferencia real en el d\u00eda a d\u00eda.<\/p>\n<p>El evento est\u00e1 <strong>destinado a adultos vinculados con ni\u00f1os y adolescentes<\/strong>, sin importar si son familiares directos, docentes u otros referentes. El acceso es gratuito, lo que elimina una barrera importante para quienes quieren capacitarse pero no siempre tienen los medios para hacerlo.<\/p>\n<p>En un contexto donde la salud emocional de los m\u00e1s j\u00f3venes est\u00e1 cada vez m\u00e1s en el centro del debate, iniciativas como esta cobran un valor particular. Saber escuchar, saber contener y saber cu\u00e1ndo poner un freno son habilidades que no vienen de f\u00e1brica: se aprenden, se practican y se mejoran. La charla <strong>&#8220;Emociones en familia&#8221;<\/strong> es una oportunidad concreta para dar ese paso.<\/p>\n<p><script type=\"application\/ld+json\">{\"@context\": \"https:\/\/schema.org\", \"@type\": \"NewsArticle\", \"headline\": \"Charla gratuita sobre emociones, l\u00edmites y pantallas para familias\", \"description\": \"La propuesta 'Emociones en familia' apunta a adultos que acompa\u00f1an a ni\u00f1os y adolescentes. La especialista Luc\u00eda Franchi explic\u00f3 los ejes de la iniciativa.\", \"datePublished\": \"2026-08-31T21:31:09-03:00\", \"dateModified\": \"2026-08-31T21:31:09-03:00\", \"inLanguage\": \"es-AR\", \"articleSection\": \"salud\", \"author\": {\"@type\": \"Organization\", \"name\": \"Redaccion LT15 Concordia\", \"url\": \"https:\/\/lt15concordia.com.ar\"}, \"publisher\": {\"@type\": \"Organization\", \"name\": \"LT15 Concordia\"}, \"mainEntityOfPage\": {\"@type\": \"WebPage\", \"@id\": \"https:\/\/lt15concordia.com.ar\/index.php\/2026\/08\/31\/charla-gratuita-sobre-emociones-limites-y-pantallas-para-familias\/\"}, \"image\": [\"https:\/\/elonce-media.elonce.com\/fotos\/2026\/08\/31\/m_1788220886_90232.webp\"]}<\/script><\/p>\n","protected":false},"excerpt":{"rendered":"<p>La propuesta &#8216;Emociones en familia&#8217; apunta a adultos que acompa\u00f1an a ni\u00f1os y adolescentes. La especialista Luc\u00eda Franchi explic\u00f3 los ejes de la iniciativa.<\/p>\n","protected":false},"author":5,"featured_media":60403,"comment_status":"closed","ping_status":"closed","sticky":false,"template":"","format":"standard","meta":{"footnotes":""},"categories":[37],"tags":[1691,4622,4620,1703,4621,1256],"_links":{"self":[{"href":"https:\/\/lt15concordia.com.ar\/index.php\/wp-json\/wp\/v2\/posts\/60404"}],"collection":[{"href":"https:\/\/lt15concordia.com.ar\/index.php\/wp-json\/wp\/v2\/posts"}],"about":[{"href":"https:\/\/lt15concordia.com.ar\/index.php\/wp-json\/wp\/v2\/types\/post"}],"author":[{"embeddable":true,"href":"https:\/\/lt15concordia.com.ar\/index.php\/wp-json\/wp\/v2\/users\/5"}],"replies":[{"embeddable":true,"href":"https:\/\/lt15concordia.com.ar\/index.php\/wp-json\/wp\/v2\/comments?post=60404"}],"version-history":[{"count":2,"href":"https:\/\/lt15concordia.com.ar\/index.php\/wp-json\/wp\/v2\/posts\/60404\/revisions"}],"predecessor-version":[{"id":60406,"href":"https:\/\/lt15concordia.com.ar\/index.php\/wp-json\/wp\/v2\/posts\/60404\/revisions\/60406"}],"wp:featuredmedia":[{"embeddable":true,"href":"https:\/\/lt15concordia.com.ar\/index.php\/wp-json\/wp\/v2\/media\/60403"}],"wp:attachment":[{"href":"https:\/\/lt15concordia.com.ar\/index.php\/wp-json\/wp\/v2\/media?parent=60404"}],"wp:term":[{"taxonomy":"category","embeddable":true,"href":"https:\/\/lt15concordia.com.ar\/index.php\/wp-json\/wp\/v2\/categories?post=60404"},{"taxonomy":"post_tag","embeddable":true,"href":"https:\/\/lt15concordia.com.ar\/index.php\/wp-json\/wp\/v2\/tags?post=60404"}],"curies":[{"name":"wp","href":"https:\/\/api.w.org\/{rel}","templated":true}]}}