{"id":60388,"date":"2026-08-31T19:33:08","date_gmt":"2026-08-31T22:33:08","guid":{"rendered":"https:\/\/lt15concordia.com.ar\/?p=60388"},"modified":"2026-08-31T19:33:19","modified_gmt":"2026-08-31T22:33:19","slug":"kicillof-y-ziliotto-le-apuntan-a-milei-por-fondos-hidricos-congelados","status":"publish","type":"post","link":"https:\/\/lt15concordia.com.ar\/index.php\/2026\/08\/31\/kicillof-y-ziliotto-le-apuntan-a-milei-por-fondos-hidricos-congelados\/","title":{"rendered":"Kicillof y Ziliotto le apuntan a Milei por fondos h\u00eddricos congelados"},"content":{"rendered":"<p>Dos gobernadores peronistas, una amenaza clim\u00e1tica concreta y <strong>$290.000 millones congelados<\/strong>: ese fue el escenario que se mont\u00f3 en la <strong>Casa de Gobierno de La Pampa<\/strong> cuando <strong>Axel Kicillof<\/strong> cruz\u00f3 la frontera bonaerense para reunirse con su par <strong>Sergio Ziliotto<\/strong> y firmar una serie de convenios de cooperaci\u00f3n h\u00eddrica, sanitaria y social.<\/p>\n<p>El tel\u00f3n de fondo es el fen\u00f3meno <strong>El Ni\u00f1o<\/strong>, con pron\u00f3sticos que hablan de un <strong>90% de probabilidades de un evento muy fuerte<\/strong> y un <strong>69% de chances de que sea el m\u00e1s potente desde 1950<\/strong>. Ante ese panorama, ambos mandatarios acordaron compartir en tiempo real bases de registros hidrom\u00e9trico y pluviom\u00e9trico, coordinar obras conjuntas y articular respuestas ante eventos clim\u00e1ticos extremos. &#8220;Este encuentro ratifica una forma de entender el federalismo: las provincias no podemos trabajar de manera aislada&#8221;, se\u00f1al\u00f3 Ziliotto.<\/p>\n<p>Pero el mensaje pol\u00edtico fue tan contundente como los acuerdos t\u00e9cnicos. Kicillof apunt\u00f3 directo contra la administraci\u00f3n de <strong>Javier Milei<\/strong>: &#8220;Cuando las provincias aportamos recursos a la Naci\u00f3n, lo hacemos con la condici\u00f3n de que retornen en obras de infraestructura y en pol\u00edticas p\u00fablicas. Nunca antes hab\u00eda pasado con este nivel de intensidad que los fondos no se utilizaran para nada que tenga que ver con el inter\u00e9s de las provincias&#8221;.<\/p>\n<p>El ministro de Infraestructura bonaerense, <strong>Gabriel Katopodis<\/strong>, fue a\u00fan m\u00e1s duro con los n\u00fameros sobre la mesa: &#8220;Seguimos exigiendo al Gobierno nacional que haga un uso responsable de los <strong>$290.000 millones del Fondo H\u00eddrico<\/strong>: esos recursos que hoy est\u00e1n congelados deber\u00edan estar invertidos en las obras que las provincias necesitan&#8221;. El Fondo H\u00eddrico es una asignaci\u00f3n espec\u00edfica del Impuesto a los Combustibles, es decir, plata que los ciudadanos aportan cada vez que cargan nafta.<\/p>\n<p>Katopodis tambi\u00e9n denunci\u00f3 que el gobierno nacional no ejecut\u00f3 ni un solo d\u00f3lar de un <strong>cr\u00e9dito de 200 millones de d\u00f3lares del Banco Mundial<\/strong>, tomado en octubre de 2023 para infraestructura de gesti\u00f3n de riesgos de inundaciones urbanas. &#8220;No licitaron una sola obra y lo usaron para dibujar el famoso equilibrio fiscal&#8221;, afirm\u00f3. A eso se sumaron cr\u00edticas por el desguace del <strong>Instituto Nacional del Agua (INA)<\/strong> y la negativa a autorizar cr\u00e9ditos provinciales para obras.<\/p>\n<p>Kicillof ya hab\u00eda encendido la alarma la semana pasada frente a intendentes bonaerenses: &#8220;El contexto en el que se nos presenta este fen\u00f3meno probablemente muy grave es que gobierna a nivel nacional un Presidente, un equipo, una ideolog\u00eda, un modelo que piensa que no hace falta Estado pr\u00e1cticamente&#8221;. La advertencia es clara: si el Ni\u00f1o golpea con la intensidad que proyectan los meteor\u00f3logos, la discusi\u00f3n sobre qui\u00e9n fren\u00f3 las obras va a estar muy presente en la agenda pol\u00edtica de los pr\u00f3ximos meses.<\/p>\n<p><script type=\"application\/ld+json\">{\"@context\": \"https:\/\/schema.org\", \"@type\": \"NewsArticle\", \"headline\": \"Kicillof y Ziliotto le apuntan a Milei por fondos h\u00eddricos congelados\", \"description\": \"Los gobernadores de Buenos Aires y La Pampa firmaron convenios de gesti\u00f3n h\u00eddrica y reclamaron al gobierno nacional que libere $290.000 millones del Fondo H\u00eddrico ante el fen\u00f3meno El Ni\u00f1o.\", \"datePublished\": \"2026-08-31T19:33:18-03:00\", \"dateModified\": \"2026-08-31T19:33:18-03:00\", \"inLanguage\": \"es-AR\", \"articleSection\": \"politica\", \"author\": {\"@type\": \"Organization\", \"name\": \"Redaccion LT15 Concordia\", \"url\": \"https:\/\/lt15concordia.com.ar\"}, \"publisher\": {\"@type\": \"Organization\", \"name\": \"LT15 Concordia\"}, \"mainEntityOfPage\": {\"@type\": \"WebPage\", \"@id\": \"https:\/\/lt15concordia.com.ar\/index.php\/2026\/08\/31\/kicillof-y-ziliotto-le-apuntan-a-milei-por-fondos-hidricos-congelados\/\"}, \"image\": [\"https:\/\/www.clarin.com\/img\/2026\/08\/31\/PtWX04uJN_1200x630__1.jpg\"]}<\/script><\/p>\n","protected":false},"excerpt":{"rendered":"<p>Los gobernadores de Buenos Aires y La Pampa firmaron convenios de gesti\u00f3n h\u00eddrica y reclamaron al gobierno nacional que libere $290.000 millones del Fondo H\u00eddrico ante el fen\u00f3meno El Ni\u00f1o.<\/p>\n","protected":false},"author":5,"featured_media":60387,"comment_status":"closed","ping_status":"closed","sticky":false,"template":"","format":"standard","meta":{"footnotes":""},"categories":[89],"tags":[2158,4618,2234,513,857,4617],"_links":{"self":[{"href":"https:\/\/lt15concordia.com.ar\/index.php\/wp-json\/wp\/v2\/posts\/60388"}],"collection":[{"href":"https:\/\/lt15concordia.com.ar\/index.php\/wp-json\/wp\/v2\/posts"}],"about":[{"href":"https:\/\/lt15concordia.com.ar\/index.php\/wp-json\/wp\/v2\/types\/post"}],"author":[{"embeddable":true,"href":"https:\/\/lt15concordia.com.ar\/index.php\/wp-json\/wp\/v2\/users\/5"}],"replies":[{"embeddable":true,"href":"https:\/\/lt15concordia.com.ar\/index.php\/wp-json\/wp\/v2\/comments?post=60388"}],"version-history":[{"count":2,"href":"https:\/\/lt15concordia.com.ar\/index.php\/wp-json\/wp\/v2\/posts\/60388\/revisions"}],"predecessor-version":[{"id":60390,"href":"https:\/\/lt15concordia.com.ar\/index.php\/wp-json\/wp\/v2\/posts\/60388\/revisions\/60390"}],"wp:featuredmedia":[{"embeddable":true,"href":"https:\/\/lt15concordia.com.ar\/index.php\/wp-json\/wp\/v2\/media\/60387"}],"wp:attachment":[{"href":"https:\/\/lt15concordia.com.ar\/index.php\/wp-json\/wp\/v2\/media?parent=60388"}],"wp:term":[{"taxonomy":"category","embeddable":true,"href":"https:\/\/lt15concordia.com.ar\/index.php\/wp-json\/wp\/v2\/categories?post=60388"},{"taxonomy":"post_tag","embeddable":true,"href":"https:\/\/lt15concordia.com.ar\/index.php\/wp-json\/wp\/v2\/tags?post=60388"}],"curies":[{"name":"wp","href":"https:\/\/api.w.org\/{rel}","templated":true}]}}