{"id":60384,"date":"2026-08-31T19:32:15","date_gmt":"2026-08-31T22:32:15","guid":{"rendered":"https:\/\/lt15concordia.com.ar\/?p=60384"},"modified":"2026-08-31T19:32:26","modified_gmt":"2026-08-31T22:32:26","slug":"perpetua-para-nono-benitez-por-el-femicidio-de-luisina-leoncino","status":"publish","type":"post","link":"https:\/\/lt15concordia.com.ar\/index.php\/2026\/08\/31\/perpetua-para-nono-benitez-por-el-femicidio-de-luisina-leoncino\/","title":{"rendered":"Perpetua para &#8220;\u00d1o\u00f1o&#8221; Ben\u00edtez por el femicidio de Luisina Leoncino"},"content":{"rendered":"<p>La Justicia dijo lo que la familia de <strong>Luisina Leoncino<\/strong> esperaba desde aquella tarde de julio de <strong>2023<\/strong> en que la joven de <strong>24 a\u00f1os<\/strong> desapareci\u00f3 para siempre: <strong>prisi\u00f3n perpetua<\/strong> para el hombre que le quit\u00f3 la vida.<\/p>\n<p>Este lunes, el vocal del <strong>Tribunal de Juicio y Apelaciones de Concordia<\/strong>, <strong>Maximiliano Larocca Rees<\/strong>, conden\u00f3 a <strong>Horacio Rafael Ben\u00edtez<\/strong>, alias <strong>&#8220;\u00d1o\u00f1o&#8221;<\/strong>, como autor penalmente responsable del delito de <strong>homicidio agravado por femicidio<\/strong> en un contexto de violencia de g\u00e9nero. La pena: la m\u00e1xima que prev\u00e9 el C\u00f3digo Penal argentino.<\/p>\n<p>La condena fue el cierre de un proceso que sacudi\u00f3 a <strong>Concordia<\/strong> desde el primer momento. Luisina era madre de <strong>dos hijos<\/strong> y ten\u00eda un v\u00ednculo con Ben\u00edtez, vecino del <strong>barrio 6 de Febrero<\/strong>, de entonces <strong>42 a\u00f1os<\/strong> y con antecedentes penales. Las c\u00e1maras de seguridad de la zona la mostraron ingresando a la vivienda del acusado y nunca m\u00e1s saliendo. Las mismas c\u00e1maras captaron a Ben\u00edtez alejarse en moto con <strong>grandes bolsas negras<\/strong>: una imagen que se volvi\u00f3 determinante para la investigaci\u00f3n y que qued\u00f3 grabada en la memoria de la ciudad.<\/p>\n<p>El <strong>30 de julio de 2023<\/strong>, tras semanas de b\u00fasqueda desesperada, aparecieron los primeros restos de Luisina en la zona de <strong>Pampa Soler<\/strong>. D\u00edas despu\u00e9s, otras partes del cuerpo fueron halladas en inmediaciones de <strong>calle Castelli y la Defensa Sur<\/strong>. Ben\u00edtez, ya detenido, declar\u00f3 ante la Justicia y aport\u00f3 informaci\u00f3n que permiti\u00f3 localizar m\u00e1s restos. Desde ese momento fue el \u00fanico imputado.<\/p>\n<p>El juicio por jurados se realiz\u00f3 en los <strong>Tribunales de Chajar\u00ed<\/strong> \u2014la defensa hab\u00eda solicitado la pr\u00f3rroga de jurisdicci\u00f3n\u2014 y se extendi\u00f3 por tres jornadas de debate. El <strong>6 de agosto<\/strong>, el jurado popular emiti\u00f3 su veredicto: <strong>culpable<\/strong>. El <strong>13 de agosto<\/strong>, en la audiencia de cesura, las fiscales <strong>Julia Rovira<\/strong> y <strong>Natalia Conti<\/strong> junto al fiscal <strong>Mario Guerrero<\/strong> pidieron la perpetua. El pedido fue acompa\u00f1ado por la querella particular, representada por la abogada <strong>Carolina Fontana<\/strong>. La defensora oficial <strong>Magdalena Vedoya<\/strong> plante\u00f3 la inconstitucionalidad de la pena, sin \u00e9xito.<\/p>\n<p>Larocca Rees impuso la pena m\u00e1xima y orden\u00f3 que Ben\u00edtez permanezca detenido en la <strong>Unidad Penal N\u00b0 1 de Paran\u00e1<\/strong> hasta que la sentencia quede firme. Luisina ten\u00eda 24 a\u00f1os, dos hijos y toda una vida por delante. La condena no la devuelve, pero cierra un cap\u00edtulo de impunidad que Concordia no estaba dispuesta a tolerar.<\/p>\n<p><script type=\"application\/ld+json\">{\"@context\": \"https:\/\/schema.org\", \"@type\": \"NewsArticle\", \"headline\": \"Perpetua para \\\"\u00d1o\u00f1o\\\" Ben\u00edtez por el femicidio de Luisina Leoncino\", \"description\": \"El vocal Larocca Rees conden\u00f3 a Horacio Ben\u00edtez a prisi\u00f3n perpetua por el femicidio de Luisina Leoncino, ocurrido en Concordia en julio de 2023.\", \"datePublished\": \"2026-08-31T19:32:26-03:00\", \"dateModified\": \"2026-08-31T19:32:26-03:00\", \"inLanguage\": \"es-AR\", \"articleSection\": \"seguridad\", \"author\": {\"@type\": \"Organization\", \"name\": \"Redaccion LT15 Concordia\", \"url\": \"https:\/\/lt15concordia.com.ar\"}, \"publisher\": {\"@type\": \"Organization\", \"name\": \"LT15 Concordia\"}, \"mainEntityOfPage\": {\"@type\": \"WebPage\", \"@id\": \"https:\/\/lt15concordia.com.ar\/index.php\/2026\/08\/31\/perpetua-para-nono-benitez-por-el-femicidio-de-luisina-leoncino\/\"}, \"image\": [\"https:\/\/www.diariojunio.com.ar\/wp-content\/uploads\/2026\/08\/luisina-leoncino-victima-femicidio-y-horacio-benitez-femicida.jpg.webp\"]}<\/script><\/p>\n","protected":false},"excerpt":{"rendered":"<p>El vocal Larocca Rees conden\u00f3 a Horacio Ben\u00edtez a prisi\u00f3n perpetua por el femicidio de Luisina Leoncino, ocurrido en Concordia en julio de 2023.<\/p>\n","protected":false},"author":5,"featured_media":60383,"comment_status":"closed","ping_status":"closed","sticky":false,"template":"","format":"standard","meta":{"footnotes":""},"categories":[30,33],"tags":[41,211,719,593,4616,258],"_links":{"self":[{"href":"https:\/\/lt15concordia.com.ar\/index.php\/wp-json\/wp\/v2\/posts\/60384"}],"collection":[{"href":"https:\/\/lt15concordia.com.ar\/index.php\/wp-json\/wp\/v2\/posts"}],"about":[{"href":"https:\/\/lt15concordia.com.ar\/index.php\/wp-json\/wp\/v2\/types\/post"}],"author":[{"embeddable":true,"href":"https:\/\/lt15concordia.com.ar\/index.php\/wp-json\/wp\/v2\/users\/5"}],"replies":[{"embeddable":true,"href":"https:\/\/lt15concordia.com.ar\/index.php\/wp-json\/wp\/v2\/comments?post=60384"}],"version-history":[{"count":2,"href":"https:\/\/lt15concordia.com.ar\/index.php\/wp-json\/wp\/v2\/posts\/60384\/revisions"}],"predecessor-version":[{"id":60386,"href":"https:\/\/lt15concordia.com.ar\/index.php\/wp-json\/wp\/v2\/posts\/60384\/revisions\/60386"}],"wp:featuredmedia":[{"embeddable":true,"href":"https:\/\/lt15concordia.com.ar\/index.php\/wp-json\/wp\/v2\/media\/60383"}],"wp:attachment":[{"href":"https:\/\/lt15concordia.com.ar\/index.php\/wp-json\/wp\/v2\/media?parent=60384"}],"wp:term":[{"taxonomy":"category","embeddable":true,"href":"https:\/\/lt15concordia.com.ar\/index.php\/wp-json\/wp\/v2\/categories?post=60384"},{"taxonomy":"post_tag","embeddable":true,"href":"https:\/\/lt15concordia.com.ar\/index.php\/wp-json\/wp\/v2\/tags?post=60384"}],"curies":[{"name":"wp","href":"https:\/\/api.w.org\/{rel}","templated":true}]}}