{"id":60380,"date":"2026-08-31T19:31:19","date_gmt":"2026-08-31T22:31:19","guid":{"rendered":"https:\/\/lt15concordia.com.ar\/?p=60380"},"modified":"2026-08-31T19:31:30","modified_gmt":"2026-08-31T22:31:30","slug":"nacion-reorganizo-395-registros-del-automotor-19-cambios-en-entre-rios","status":"publish","type":"post","link":"https:\/\/lt15concordia.com.ar\/index.php\/2026\/08\/31\/nacion-reorganizo-395-registros-del-automotor-19-cambios-en-entre-rios\/","title":{"rendered":"Naci\u00f3n reorganiz\u00f3 395 Registros del Automotor: 19 cambios en Entre R\u00edos"},"content":{"rendered":"<p>El Gobierno nacional dio otro paso en su pol\u00edtica de achicamiento del Estado administrativo: a trav\u00e9s de la <strong>Resoluci\u00f3n 411\/2026 del Ministerio de Justicia<\/strong>, publicada este lunes en el Bolet\u00edn Oficial, dispuso la reorganizaci\u00f3n de <strong>395 Registros Seccionales de la Propiedad del Automotor<\/strong> en todo el pa\u00eds. Entre R\u00edos no qued\u00f3 afuera: la norma contempla <strong>19 operaciones de unificaci\u00f3n<\/strong> en la provincia.<\/p>\n<p>A nivel nacional, la medida combina tres movimientos: la unificaci\u00f3n de <strong>368 registros seccionales<\/strong>, la supresi\u00f3n de <strong>14 registros intervenidos<\/strong> y el cierre operativo de <strong>13 oficinas<\/strong> cuya supresi\u00f3n ya hab\u00eda sido ordenada por normas anteriores. El argumento oficial es concentrar competencias, avanzar con la digitalizaci\u00f3n y simplificar los tr\u00e1mites para los ciudadanos. La pregunta que queda en el aire es cu\u00e1ntos de esos tr\u00e1mites van a complicarse antes de simplificarse.<\/p>\n<p>En <strong>Concordia<\/strong>, el cambio alcanza al <strong>Registro Seccional de la Propiedad del Automotor con Competencia Exclusiva en Motoveh\u00edculos Letra &#8220;A&#8221;<\/strong>, que ser\u00e1 absorbido por el <strong>Registro Seccional N\u00b0 3<\/strong>. La norma aclara que esto no implica necesariamente el cierre f\u00edsico de la oficina, sino la transferencia de competencias. En la pr\u00e1ctica, los tr\u00e1mites de motos pasar\u00e1n a tramitarse bajo la \u00f3rbita de ese registro unificado.<\/p>\n<p>El mismo esquema se repite en otras ciudades entrerrianas. En <strong>Paran\u00e1<\/strong>, el Registro de Motoveh\u00edculos Letra &#8220;C&#8221; se integra al Registro del Automotor N\u00b0 4. En <strong>Concepci\u00f3n del Uruguay<\/strong>, el Registro de Motoveh\u00edculos Letra &#8220;A&#8221; es absorbido por el Registro N\u00b0 3. En <strong>Gualeguaych\u00fa<\/strong>, los registros de motoveh\u00edculos Letras &#8220;A&#8221; y &#8220;B&#8221; se fusionan con los Registros del Automotor N\u00b0 1 y N\u00b0 2, respectivamente.<\/p>\n<p>La reorganizaci\u00f3n tambi\u00e9n toca a localidades del interior provincial con competencias m\u00e1s amplias. En <strong>Gualeguay<\/strong>, los registros suman funciones sobre <strong>maquinaria agr\u00edcola, vial o industrial y cr\u00e9ditos prendarios<\/strong>. Lo mismo ocurre en <strong>La Paz<\/strong>, <strong>Federal<\/strong>, <strong>San Jos\u00e9 de Feliciano<\/strong> y <strong>Col\u00f3n<\/strong>. En <strong>San Salvador<\/strong>, <strong>Rosario del Tala<\/strong>, <strong>Basavilbaso<\/strong> y <strong>Chajar\u00ed<\/strong>, los registros de motoveh\u00edculos se integran directamente al registro general de automotores de cada localidad.<\/p>\n<p>Dos casos particulares merecen atenci\u00f3n: <strong>Federaci\u00f3n<\/strong> incorporar\u00e1 competencias de maquinaria y cr\u00e9ditos prendarios que antes correspond\u00edan a <strong>Chajar\u00ed<\/strong>, y <strong>Gualeguaych\u00fa<\/strong> asumir\u00e1 competencias similares correspondientes a <strong>Urdinarrain<\/strong>. En <strong>Victoria<\/strong>, se concentran en una \u00fanica dependencia todas las competencias de automotores, maquinaria y cr\u00e9ditos prendarios.<\/p>\n<p>Las unificaciones rigen desde la publicaci\u00f3n de la resoluci\u00f3n. Los titulares de tr\u00e1mites en curso o quienes deban iniciar gestiones vinculadas a motoveh\u00edculos, maquinaria o cr\u00e9ditos prendarios deber\u00e1n consultar en cada registro local cu\u00e1l es la dependencia que asume la competencia a partir de ahora.<\/p>\n<p><script type=\"application\/ld+json\">{\"@context\": \"https:\/\/schema.org\", \"@type\": \"NewsArticle\", \"headline\": \"Naci\u00f3n reorganiz\u00f3 395 Registros del Automotor: 19 cambios en Entre R\u00edos\", \"description\": \"La Resoluci\u00f3n 411\/2026 del Ministerio de Justicia unifica registros en toda la provincia. En Concordia, el registro de motoveh\u00edculos se integra al Seccional N\u00b0 3.\", \"datePublished\": \"2026-08-31T19:31:30-03:00\", \"dateModified\": \"2026-08-31T19:31:30-03:00\", \"inLanguage\": \"es-AR\", \"articleSection\": \"politica\", \"author\": {\"@type\": \"Organization\", \"name\": \"Redaccion LT15 Concordia\", \"url\": \"https:\/\/lt15concordia.com.ar\"}, \"publisher\": {\"@type\": \"Organization\", \"name\": \"LT15 Concordia\"}, \"mainEntityOfPage\": {\"@type\": \"WebPage\", \"@id\": \"https:\/\/lt15concordia.com.ar\/index.php\/2026\/08\/31\/nacion-reorganizo-395-registros-del-automotor-19-cambios-en-entre-rios\/\"}, \"image\": [\"https:\/\/www.diariojunio.com.ar\/wp-content\/uploads\/2026\/08\/registro.jpg\"]}<\/script><\/p>\n","protected":false},"excerpt":{"rendered":"<p>La Resoluci\u00f3n 411\/2026 del Ministerio de Justicia unifica registros en toda la provincia. En Concordia, el registro de motoveh\u00edculos se integra al Seccional N\u00b0 3.<\/p>\n","protected":false},"author":5,"featured_media":60379,"comment_status":"closed","ping_status":"closed","sticky":false,"template":"","format":"standard","meta":{"footnotes":""},"categories":[37],"tags":[41,63,1073,4613,4614,4615],"_links":{"self":[{"href":"https:\/\/lt15concordia.com.ar\/index.php\/wp-json\/wp\/v2\/posts\/60380"}],"collection":[{"href":"https:\/\/lt15concordia.com.ar\/index.php\/wp-json\/wp\/v2\/posts"}],"about":[{"href":"https:\/\/lt15concordia.com.ar\/index.php\/wp-json\/wp\/v2\/types\/post"}],"author":[{"embeddable":true,"href":"https:\/\/lt15concordia.com.ar\/index.php\/wp-json\/wp\/v2\/users\/5"}],"replies":[{"embeddable":true,"href":"https:\/\/lt15concordia.com.ar\/index.php\/wp-json\/wp\/v2\/comments?post=60380"}],"version-history":[{"count":2,"href":"https:\/\/lt15concordia.com.ar\/index.php\/wp-json\/wp\/v2\/posts\/60380\/revisions"}],"predecessor-version":[{"id":60382,"href":"https:\/\/lt15concordia.com.ar\/index.php\/wp-json\/wp\/v2\/posts\/60380\/revisions\/60382"}],"wp:featuredmedia":[{"embeddable":true,"href":"https:\/\/lt15concordia.com.ar\/index.php\/wp-json\/wp\/v2\/media\/60379"}],"wp:attachment":[{"href":"https:\/\/lt15concordia.com.ar\/index.php\/wp-json\/wp\/v2\/media?parent=60380"}],"wp:term":[{"taxonomy":"category","embeddable":true,"href":"https:\/\/lt15concordia.com.ar\/index.php\/wp-json\/wp\/v2\/categories?post=60380"},{"taxonomy":"post_tag","embeddable":true,"href":"https:\/\/lt15concordia.com.ar\/index.php\/wp-json\/wp\/v2\/tags?post=60380"}],"curies":[{"name":"wp","href":"https:\/\/api.w.org\/{rel}","templated":true}]}}