{"id":60368,"date":"2026-08-31T18:31:28","date_gmt":"2026-08-31T21:31:28","guid":{"rendered":"https:\/\/lt15concordia.com.ar\/?p=60368"},"modified":"2026-08-31T18:31:39","modified_gmt":"2026-08-31T21:31:39","slug":"procesaron-a-cuatro-militares-retirados-por-crimenes-en-el-regimiento-6-de-conco","status":"publish","type":"post","link":"https:\/\/lt15concordia.com.ar\/index.php\/2026\/08\/31\/procesaron-a-cuatro-militares-retirados-por-crimenes-en-el-regimiento-6-de-conco\/","title":{"rendered":"Procesaron a cuatro militares retirados por cr\u00edmenes en el Regimiento 6 de Concordia"},"content":{"rendered":"<p>La Justicia federal avanz\u00f3 donde durante a\u00f1os hubo silencio. El <strong>Juzgado Federal N\u00ba 1 de Concepci\u00f3n del Uruguay<\/strong> proces\u00f3 a <strong>cuatro militares retirados<\/strong> por delitos de lesa humanidad vinculados al funcionamiento del aparato represivo de la \u00faltima dictadura en <strong>Concordia<\/strong>. La resoluci\u00f3n fue firmada por la jueza federal subrogante <strong>Anal\u00eda Graciela Ramponi<\/strong>.<\/p>\n<p>Los procesados son <strong>Juan Ignacio Aleman<\/strong>, <strong>Jorge Enrique Echeverr\u00eda<\/strong>, <strong>Miguel \u00c1ngel Galeano<\/strong> y <strong>Horacio Alberto Goris<\/strong>, todos exintegrantes del Ej\u00e9rcito. Los cuatro hab\u00edan sido indagados m\u00e1s de dos a\u00f1os antes, pero permanec\u00edan sin una definici\u00f3n judicial sobre su situaci\u00f3n procesal, una demora que las organizaciones de derechos humanos ven\u00edan denunciando con insistencia.<\/p>\n<p>El procesamiento lleg\u00f3 poco m\u00e1s de dos meses despu\u00e9s de que <strong>Familiares y Amigos de Detenidos Desaparecidos y Ex Presos Pol\u00edticos de Concordia<\/strong>, junto con la querellante <strong>Mar\u00eda Ema Papetti<\/strong>, presentaran un pedido de pronto despacho ante la jueza Ramponi. El escrito tambi\u00e9n llevaba las firmas de <strong>Eduardo Maschio<\/strong>, <strong>Luisa Rodr\u00edguez de Caire<\/strong> y <strong>Estela Solaga de Moreno<\/strong>, y reclamaba que una investigaci\u00f3n que seg\u00fan los familiares permanec\u00eda pr\u00e1cticamente paralizada volviera a moverse.<\/p>\n<p>Uno de los casos centrales de la causa es el de <strong>Jorge Emilio Papetti<\/strong>, el conscripto que desapareci\u00f3 despu\u00e9s de cumplir el servicio militar obligatorio en Concordia. Durante a\u00f1os, las autoridades militares sostuvieron que el joven se hab\u00eda fugado de la unidad y era un desertor. Sin embargo, en la denominada <strong>causa Appiani<\/strong>, tramitada en Paran\u00e1, qued\u00f3 acreditado judicialmente que Papetti fue secuestrado y que muri\u00f3 durante una sesi\u00f3n de torturas.<\/p>\n<p>La causa <strong>FPA 5688\/2021<\/strong> se inici\u00f3 en <strong>abril de 2021<\/strong> a partir de una denuncia remitida al Ministerio P\u00fablico Fiscal por el Registro \u00danico de la Verdad de Paran\u00e1. La presentaci\u00f3n la realiz\u00f3 <strong>Mar\u00eda Julia Su\u00e1rez<\/strong>, una ciudadana uruguaya que relat\u00f3 haber sido secuestrada el <strong>3 de julio de 1977<\/strong> junto con su hermano <strong>Jes\u00fas Silverio Su\u00e1rez<\/strong>, <strong>Eduardo Robatto Guerreiro<\/strong> y <strong>Luis Urrutia<\/strong>. Seg\u00fan su testimonio, fueron llevados a la <strong>Jefatura Departamental de Polic\u00eda de Concordia<\/strong>, luego a distintos lugares clandestinos donde fueron torturados, y finalmente a la <strong>Unidad Penal N\u00ba 3<\/strong>. Su\u00e1rez tambi\u00e9n denunci\u00f3 haber sufrido violencia sexual durante el cautiverio.<\/p>\n<p>La resoluci\u00f3n judicial reconstruye el funcionamiento del \u00e1rea de Inteligencia del <strong>Regimiento de Caballer\u00eda de Tanques 6 &#8220;Blandengues&#8221;<\/strong> con roles diferenciados. Seg\u00fan la magistrada, <strong>Echeverr\u00eda y Aleman<\/strong> cumpl\u00edan funciones de direcci\u00f3n dentro del Grupo de Inteligencia y habr\u00edan tenido un papel central en la recepci\u00f3n y manejo de personas detenidas ilegalmente. <strong>Galeano<\/strong> ocupaba una posici\u00f3n subordinada y ejecutiva. <strong>Goris<\/strong>, en su condici\u00f3n de jefe de personal, aparece vinculado particularmente al caso Papetti y a la obtenci\u00f3n de una confesi\u00f3n bajo tormentos.<\/p>\n<p>La investigaci\u00f3n incluy\u00f3 testimonios, informes, inspecciones, exhortos y otras medidas procesales acumuladas a lo largo de a\u00f1os. El procesamiento de los cuatro exmilitares representa un paso concreto en una causa que durante demasiado tiempo esper\u00f3 en un caj\u00f3n, mientras las familias de las v\u00edctimas segu\u00edan pidiendo que alguien respondiera.<\/p>\n<p><script type=\"application\/ld+json\">{\"@context\": \"https:\/\/schema.org\", \"@type\": \"NewsArticle\", \"headline\": \"Procesaron a cuatro militares retirados por cr\u00edmenes en el Regimiento 6 de Concordia\", \"description\": \"El Juzgado Federal de Concepci\u00f3n del Uruguay proces\u00f3 a cuatro exmilitares por delitos de lesa humanidad cometidos durante la \u00faltima dictadura en Concordia.\", \"datePublished\": \"2026-08-31T18:31:39-03:00\", \"dateModified\": \"2026-08-31T18:31:39-03:00\", \"inLanguage\": \"es-AR\", \"articleSection\": \"politica\", \"author\": {\"@type\": \"Organization\", \"name\": \"Redaccion LT15 Concordia\", \"url\": \"https:\/\/lt15concordia.com.ar\"}, \"publisher\": {\"@type\": \"Organization\", \"name\": \"LT15 Concordia\"}, \"mainEntityOfPage\": {\"@type\": \"WebPage\", \"@id\": \"https:\/\/lt15concordia.com.ar\/index.php\/2026\/08\/31\/procesaron-a-cuatro-militares-retirados-por-crimenes-en-el-regimiento-6-de-conco\/\"}, \"image\": [\"https:\/\/www.diariojunio.com.ar\/wp-content\/uploads\/2026\/08\/celdas-regimiento-6.jpg\"]}<\/script><\/p>\n","protected":false},"excerpt":{"rendered":"<p>El Juzgado Federal de Concepci\u00f3n del Uruguay proces\u00f3 a cuatro exmilitares por delitos de lesa humanidad cometidos durante la \u00faltima dictadura en Concordia.<\/p>\n","protected":false},"author":5,"featured_media":60367,"comment_status":"closed","ping_status":"closed","sticky":false,"template":"","format":"standard","meta":{"footnotes":""},"categories":[30],"tags":[41,2290,628,686,4353,4354],"_links":{"self":[{"href":"https:\/\/lt15concordia.com.ar\/index.php\/wp-json\/wp\/v2\/posts\/60368"}],"collection":[{"href":"https:\/\/lt15concordia.com.ar\/index.php\/wp-json\/wp\/v2\/posts"}],"about":[{"href":"https:\/\/lt15concordia.com.ar\/index.php\/wp-json\/wp\/v2\/types\/post"}],"author":[{"embeddable":true,"href":"https:\/\/lt15concordia.com.ar\/index.php\/wp-json\/wp\/v2\/users\/5"}],"replies":[{"embeddable":true,"href":"https:\/\/lt15concordia.com.ar\/index.php\/wp-json\/wp\/v2\/comments?post=60368"}],"version-history":[{"count":2,"href":"https:\/\/lt15concordia.com.ar\/index.php\/wp-json\/wp\/v2\/posts\/60368\/revisions"}],"predecessor-version":[{"id":60370,"href":"https:\/\/lt15concordia.com.ar\/index.php\/wp-json\/wp\/v2\/posts\/60368\/revisions\/60370"}],"wp:featuredmedia":[{"embeddable":true,"href":"https:\/\/lt15concordia.com.ar\/index.php\/wp-json\/wp\/v2\/media\/60367"}],"wp:attachment":[{"href":"https:\/\/lt15concordia.com.ar\/index.php\/wp-json\/wp\/v2\/media?parent=60368"}],"wp:term":[{"taxonomy":"category","embeddable":true,"href":"https:\/\/lt15concordia.com.ar\/index.php\/wp-json\/wp\/v2\/categories?post=60368"},{"taxonomy":"post_tag","embeddable":true,"href":"https:\/\/lt15concordia.com.ar\/index.php\/wp-json\/wp\/v2\/tags?post=60368"}],"curies":[{"name":"wp","href":"https:\/\/api.w.org\/{rel}","templated":true}]}}