{"id":60364,"date":"2026-08-31T17:31:56","date_gmt":"2026-08-31T20:31:56","guid":{"rendered":"https:\/\/lt15concordia.com.ar\/?p=60364"},"modified":"2026-08-31T17:32:07","modified_gmt":"2026-08-31T20:32:07","slug":"sueldos-militares-y-policiales-el-aumento-que-anuncio-milei-y-lo-que-falta","status":"publish","type":"post","link":"https:\/\/lt15concordia.com.ar\/index.php\/2026\/08\/31\/sueldos-militares-y-policiales-el-aumento-que-anuncio-milei-y-lo-que-falta\/","title":{"rendered":"Sueldos militares y policiales: el aumento que anunci\u00f3 Milei y lo que falta"},"content":{"rendered":"<p>La tensi\u00f3n ven\u00eda acumul\u00e1ndose hace d\u00edas. <strong>Movilizaciones, reclamos frente a los ministerios de Defensa y Seguridad<\/strong>, y un silencio inc\u00f3modo dentro de los cuarteles: ese fue el clima que rode\u00f3 el anuncio del <strong>Gobierno nacional<\/strong> este lunes, cuando oficializ\u00f3 los nuevos aumentos salariales para las <strong>Fuerzas Armadas y las fuerzas de Seguridad<\/strong>.<\/p>\n<p>Para los militares, el incremento ser\u00e1 del <strong>12,22% acumulado entre septiembre y diciembre de 2026<\/strong>, distribuido en cuatro cuotas. Sumado al <strong>17,62%<\/strong> ya otorgado entre enero y agosto, la administraci\u00f3n de <strong>Javier Milei<\/strong> proyecta un aumento total del a\u00f1o cercano al <strong>32%<\/strong>. El costo total de la medida equivale a <strong>US$ 33 millones<\/strong>. En t\u00e9rminos concretos: el rango m\u00e1s alto \u2014teniente general, almirante o brigadier general\u2014 recibir\u00e1 algo m\u00e1s de <strong>$410.000 en total<\/strong> durante esos cuatro meses; el m\u00e1s bajo \u2014voluntario de segunda o marinero de segunda\u2014 cobrar\u00e1 alrededor de <strong>$90.000<\/strong> en el mismo per\u00edodo.<\/p>\n<p>Para las fuerzas de seguridad \u2014<strong>Gendarmer\u00eda Nacional, Prefectura Naval, Polic\u00eda Federal, Servicio Penitenciario Federal y Polic\u00eda de Seguridad Aeroportuaria<\/strong>\u2014 el esquema es distinto. No hay un porcentaje \u00fanico: la mejora sobre el haber b\u00e1sico va del <strong>10% al 30%<\/strong>, y se suman modificaciones en suplementos y compensaciones. Un comandante general recibir\u00e1 casi <strong>$165.000 adicionales<\/strong> en tres cuotas; un gendarme II, en el escalaf\u00f3n m\u00e1s bajo, cobrar\u00e1 cerca de <strong>$229.000 en cuatro cuotas<\/strong>. El impacto final es mayor porque estas fuerzas acumulan distintos suplementos sobre el b\u00e1sico.<\/p>\n<p>El contexto hace que los n\u00fameros sean dif\u00edciles de celebrar. Hasta este anuncio, <strong>un cabo del Ej\u00e9rcito percib\u00eda un b\u00e1sico equivalente a 566 d\u00f3lares<\/strong>, una cifra que llamaba la atenci\u00f3n a nivel internacional. Seg\u00fan datos del <strong>INDEC de julio<\/strong>, una familia tipo necesit\u00f3 el doble de ese ingreso para no caer en la pobreza. Desde el inicio de la gesti\u00f3n de Milei, los salarios militares acumularon una <strong>p\u00e9rdida promedio del 28% frente a la inflaci\u00f3n<\/strong>. El pluriempleo se volvi\u00f3 moneda corriente entre efectivos de ambas fuerzas.<\/p>\n<p>El cuadro m\u00e1s duro lo puso sobre la mesa la propia <strong>ministra de Seguridad, Alejandra Monteoliva<\/strong>, quien reconoci\u00f3 un incremento de <strong>m\u00e1s del 20% en la tasa de suicidios<\/strong> entre sus efectivos. Intent\u00f3 matizarlo se\u00f1alando que los suicidios tambi\u00e9n aumentaron en el conjunto de la poblaci\u00f3n argentina, pero el dato ya estaba dicho.<\/p>\n<p>El especialista en pol\u00edticas de Defensa y Seguridad <strong>Marcelo Seghini<\/strong> advirti\u00f3 que, aun con estos aumentos, los sueldos de las fuerzas de seguridad seguir\u00e1n siendo entre un <strong>25% y un 30% superiores<\/strong> a los de igual jerarqu\u00eda en las Fuerzas Armadas, una brecha que genera fricciones internas. El ministro de Defensa, <strong>Carlos Presti<\/strong>, tiene por delante el desaf\u00edo de sostener la moral de tropas que tambi\u00e9n ven c\u00f3mo el Estado vende terrenos e inmuebles del sector bajo la promesa \u2014recibida con escepticismo\u2014 de que el <strong>70% de esos fondos<\/strong> volver\u00e1 al presupuesto castrense.<\/p>\n<p><script type=\"application\/ld+json\">{\"@context\": \"https:\/\/schema.org\", \"@type\": \"NewsArticle\", \"headline\": \"Sueldos militares y policiales: el aumento que anunci\u00f3 Milei y lo que falta\", \"description\": \"El Gobierno oficializ\u00f3 incrementos de entre 10% y 30% para fuerzas armadas y de seguridad, en medio de malestar por salarios bajo la l\u00ednea de pobreza.\", \"datePublished\": \"2026-08-31T17:32:07-03:00\", \"dateModified\": \"2026-08-31T17:32:07-03:00\", \"inLanguage\": \"es-AR\", \"articleSection\": \"nacionales\", \"author\": {\"@type\": \"Organization\", \"name\": \"Redaccion LT15 Concordia\", \"url\": \"https:\/\/lt15concordia.com.ar\"}, \"publisher\": {\"@type\": \"Organization\", \"name\": \"LT15 Concordia\"}, \"mainEntityOfPage\": {\"@type\": \"WebPage\", \"@id\": \"https:\/\/lt15concordia.com.ar\/index.php\/2026\/08\/31\/sueldos-militares-y-policiales-el-aumento-que-anuncio-milei-y-lo-que-falta\/\"}, \"image\": [\"https:\/\/www.clarin.com\/img\/2026\/08\/31\/5AIuTFGid_1200x630__1.jpg\"]}<\/script><\/p>\n","protected":false},"excerpt":{"rendered":"<p>El Gobierno oficializ\u00f3 incrementos de entre 10% y 30% para fuerzas armadas y de seguridad, en medio de malestar por salarios bajo la l\u00ednea de pobreza.<\/p>\n","protected":false},"author":5,"featured_media":60363,"comment_status":"closed","ping_status":"closed","sticky":false,"template":"","format":"standard","meta":{"footnotes":""},"categories":[89],"tags":[940,4164,639,513,2031,2351],"_links":{"self":[{"href":"https:\/\/lt15concordia.com.ar\/index.php\/wp-json\/wp\/v2\/posts\/60364"}],"collection":[{"href":"https:\/\/lt15concordia.com.ar\/index.php\/wp-json\/wp\/v2\/posts"}],"about":[{"href":"https:\/\/lt15concordia.com.ar\/index.php\/wp-json\/wp\/v2\/types\/post"}],"author":[{"embeddable":true,"href":"https:\/\/lt15concordia.com.ar\/index.php\/wp-json\/wp\/v2\/users\/5"}],"replies":[{"embeddable":true,"href":"https:\/\/lt15concordia.com.ar\/index.php\/wp-json\/wp\/v2\/comments?post=60364"}],"version-history":[{"count":2,"href":"https:\/\/lt15concordia.com.ar\/index.php\/wp-json\/wp\/v2\/posts\/60364\/revisions"}],"predecessor-version":[{"id":60366,"href":"https:\/\/lt15concordia.com.ar\/index.php\/wp-json\/wp\/v2\/posts\/60364\/revisions\/60366"}],"wp:featuredmedia":[{"embeddable":true,"href":"https:\/\/lt15concordia.com.ar\/index.php\/wp-json\/wp\/v2\/media\/60363"}],"wp:attachment":[{"href":"https:\/\/lt15concordia.com.ar\/index.php\/wp-json\/wp\/v2\/media?parent=60364"}],"wp:term":[{"taxonomy":"category","embeddable":true,"href":"https:\/\/lt15concordia.com.ar\/index.php\/wp-json\/wp\/v2\/categories?post=60364"},{"taxonomy":"post_tag","embeddable":true,"href":"https:\/\/lt15concordia.com.ar\/index.php\/wp-json\/wp\/v2\/tags?post=60364"}],"curies":[{"name":"wp","href":"https:\/\/api.w.org\/{rel}","templated":true}]}}