{"id":60352,"date":"2026-08-31T17:15:31","date_gmt":"2026-08-31T20:15:31","guid":{"rendered":"https:\/\/lt15concordia.com.ar\/?p=60352"},"modified":"2026-08-31T17:15:47","modified_gmt":"2026-08-31T20:15:47","slug":"feriados-el-calendario-2027-habilita-unas-ineditas-vacaciones-de-9-dias","status":"publish","type":"post","link":"https:\/\/lt15concordia.com.ar\/index.php\/2026\/08\/31\/feriados-el-calendario-2027-habilita-unas-ineditas-vacaciones-de-9-dias\/","title":{"rendered":"Feriados: el calendario 2027 habilita unas in\u00e9ditas &#8220;vacaciones&#8221; de 9 d\u00edas"},"content":{"rendered":"\n<p><strong>Mientras los argentinos encaran el \u00faltimo tramo de 2026, un repaso por los feriados que quedan y la particular chance que se abre el pr\u00f3ximo a\u00f1o<\/strong><\/p>\n\n\n\n<p id=\"p-1779793155771-22119\">Los&nbsp;<strong>feriados<\/strong>, se sabe, son una chance de descanso que se suma a los tradicionales fines de semana. Muchas veces son oportunidades, incluso, para viajar. Por eso no es raro que, cada lunes, los argentinos repitan una pregunta infaltable:&nbsp;<strong>\u00bfcu\u00e1ndo ser\u00e1 el pr\u00f3ximo feriado? \u00bfHay en el horizonte chance de alg\u00fan fin de semana largo?<\/strong><\/p>\n\n\n\n<p>La buena noticia es doble. Por un lado, quedan varios feriados a\u00fan de cara al final de 2026. Incluso, chances de findes extra largos para hacer alguna escapadita cercana. Por el otro,\u00a0<strong>se abre una ventana incre\u00edble para viajar m\u00e1s lejos en 2027.<\/strong><\/p>\n\n\n\n<h2 class=\"wp-block-heading\" id=\"p-1788174748519-53937\">La gran chance de marzo de 2027<\/h2>\n\n\n\n<p id=\"p-1788174595576-89620\">Hay que tener en cuenta el mes de marzo de 2027. Feriados nacionales y la tradicional celebraci\u00f3n de la Semana Santa conflyuen para permitir un descanso muy largo. A tener en cuenta:<strong>\u00a0basta pedirse dos d\u00edas para lograr nueve de descanso.\u00a0<\/strong>En el almanaque se deben marcar en rojo el lunes 22 y el martes 23 de marzo.<\/p>\n\n\n\n<p id=\"p-1788174983646-93439\">De esta manera, quedan<strong>&nbsp;el s\u00e1bado 20 y domingo 21 de marzo como fin de semana tradicional<\/strong>, luego&nbsp;<strong>el lunes 22 y martes 23 de marzo como d\u00edas en los que el trabajador se pide licencia<\/strong>. All\u00ed se pega el&nbsp;<strong>mi\u00e9rcoles 24 de marzo, que es feriado nacional&nbsp;<\/strong>inamovible por conmemorarse el D\u00eda Nacional de la Memoria por la Verdad y la Justicia).<\/p>\n\n\n\n<p id=\"p-1788174595576-17859\">Entonces llegan<strong>&nbsp;jueves 25 y viernes 26 de marzo, que el a\u00f1o pr\u00f3ximo son Jueves y Viernes Santo.<\/strong>&nbsp;Funcionan con r\u00e9gimen de asueto y feriado, respectivamente. Luego, llega<strong>&nbsp;el fin de semana de cierre con el s\u00e1bado 27 y domingo 28 de marzo.<\/strong><\/p>\n\n\n\n<p id=\"p-1788174595576-81322\">De este modo, con un uso m\u00ednimo de los d\u00edas de descanso, se abre una gran posibilidad de descanso y viaje.<\/p>\n\n\n\n<h2 class=\"wp-block-heading\" id=\"p-1779793155771-46107\">Los feriados que quedan en 2026<\/h2>\n\n\n\n<p id=\"p-1783941240887-9405\">\u00bfQu\u00e9 pasa ahora, de cara a los \u00faltimos meses de 2026? A continuaci\u00f3n, un repaso por el calendario de Argentina. La mala noticia es que septiembre no ofrece feriados nacionales, pero de octubre a noviembre hay varias fechas para agendar.<\/p>\n\n\n\n<p id=\"p-1778264239805-16142\"><strong>Septiembre<\/strong><\/p>\n\n\n\n<ul id=\"p-1778264239805-8930\">\n<li>Sin feriados nacionales.<\/li>\n<\/ul>\n\n\n\n<p id=\"p-1778264239806-60955\"><strong>Octubre<\/strong><\/p>\n\n\n\n<ul id=\"p-1778264239806-61878\">\n<li>Lunes 12: D\u00eda del Respeto a la Diversidad Cultural (feriado trasladable)<\/li>\n<\/ul>\n\n\n\n<p id=\"p-1778264239806-19791\"><strong>Noviembre<\/strong><\/p>\n\n\n\n<ul id=\"p-1778264239806-98356\">\n<li>Lunes 23: D\u00eda de la Soberan\u00eda Nacional (trasladado desde el 20)<\/li>\n<\/ul>\n\n\n\n<p id=\"p-1778264239806-60257\"><strong>Diciembre<\/strong><\/p>\n\n\n\n<ul id=\"p-1778264239806-48571\">\n<li>Lunes 7: D\u00eda no laborable con fines tur\u00edsticos<\/li>\n\n\n\n<li>Martes 8: Inmaculada Concepci\u00f3n de Mar\u00eda (feriado inamovible)<\/li>\n\n\n\n<li>Viernes 25: Navidad (feriado inamovible)<\/li>\n<\/ul>\n\n\n\n<p>Fuente: Diario Uno de Entre R\u00edos<\/p>\n","protected":false},"excerpt":{"rendered":"<p>Mientras los argentinos encaran el \u00faltimo tramo de 2026, un repaso por los feriados que quedan y la particular chance que se abre el pr\u00f3ximo a\u00f1o Los&nbsp;feriados, se sabe, son una chance de descanso que se suma a los tradicionales fines de semana. Muchas veces son oportunidades, incluso, para viajar. Por eso no es raro [&hellip;]<\/p>\n","protected":false},"author":5,"featured_media":60353,"comment_status":"open","ping_status":"open","sticky":false,"template":"","format":"standard","meta":{"footnotes":""},"categories":[89],"tags":[],"_links":{"self":[{"href":"https:\/\/lt15concordia.com.ar\/index.php\/wp-json\/wp\/v2\/posts\/60352"}],"collection":[{"href":"https:\/\/lt15concordia.com.ar\/index.php\/wp-json\/wp\/v2\/posts"}],"about":[{"href":"https:\/\/lt15concordia.com.ar\/index.php\/wp-json\/wp\/v2\/types\/post"}],"author":[{"embeddable":true,"href":"https:\/\/lt15concordia.com.ar\/index.php\/wp-json\/wp\/v2\/users\/5"}],"replies":[{"embeddable":true,"href":"https:\/\/lt15concordia.com.ar\/index.php\/wp-json\/wp\/v2\/comments?post=60352"}],"version-history":[{"count":1,"href":"https:\/\/lt15concordia.com.ar\/index.php\/wp-json\/wp\/v2\/posts\/60352\/revisions"}],"predecessor-version":[{"id":60354,"href":"https:\/\/lt15concordia.com.ar\/index.php\/wp-json\/wp\/v2\/posts\/60352\/revisions\/60354"}],"wp:featuredmedia":[{"embeddable":true,"href":"https:\/\/lt15concordia.com.ar\/index.php\/wp-json\/wp\/v2\/media\/60353"}],"wp:attachment":[{"href":"https:\/\/lt15concordia.com.ar\/index.php\/wp-json\/wp\/v2\/media?parent=60352"}],"wp:term":[{"taxonomy":"category","embeddable":true,"href":"https:\/\/lt15concordia.com.ar\/index.php\/wp-json\/wp\/v2\/categories?post=60352"},{"taxonomy":"post_tag","embeddable":true,"href":"https:\/\/lt15concordia.com.ar\/index.php\/wp-json\/wp\/v2\/tags?post=60352"}],"curies":[{"name":"wp","href":"https:\/\/api.w.org\/{rel}","templated":true}]}}