{"id":60341,"date":"2026-08-31T16:59:52","date_gmt":"2026-08-31T19:59:52","guid":{"rendered":"https:\/\/lt15concordia.com.ar\/?p=60341"},"modified":"2026-08-31T17:01:34","modified_gmt":"2026-08-31T20:01:34","slug":"concordia-preocupacion-por-un-jugador-que-perdio-el-conocimiento-tras-un-golpe-durante-un-partido","status":"publish","type":"post","link":"https:\/\/lt15concordia.com.ar\/index.php\/2026\/08\/31\/concordia-preocupacion-por-un-jugador-que-perdio-el-conocimiento-tras-un-golpe-durante-un-partido\/","title":{"rendered":"Concordia: preocupaci\u00f3n por un jugador que perdi\u00f3 el conocimiento tras un golpe durante un partido"},"content":{"rendered":"\n<p><strong>El futbolista Gabriel Carrera, de Constituci\u00f3n, debi\u00f3 ser asistido luego de sufrir un impacto durante el encuentro ante La Bianca. El club pidi\u00f3 una cadena de oraci\u00f3n por su recuperaci\u00f3n<\/strong><\/p>\n\n\n\n<p id=\"p-1788198003616-46686\">Un momento de preocupaci\u00f3n se vivi\u00f3 durante el partido que disputaron La Bianca y Constituci\u00f3n en Concordia, cuando el jugador de Constituci\u00f3n, Gabriel Carrera, sufri\u00f3 un golpe durante una jugada y posteriormente perdi\u00f3 el conocimiento dentro del campo de juego.<\/p>\n\n\n\n<p id=\"p-1788198003617-69145\">De acuerdo con versiones recogidas por&nbsp;<strong>Diario R\u00edo Uruguay<\/strong>, el impacto se habr\u00eda producido de manera accidental durante una disputa de pelota. Las personas que observaron la situaci\u00f3n desde el lugar indicaron que, si bien el jugador habr\u00eda recibido un golpe en la zona de la cabeza, no se habr\u00eda tratado de una acci\u00f3n intencional.<\/p>\n\n\n\n<p id=\"p-1788198015160-98262\">Seg\u00fan las mismas versiones, Carrera continu\u00f3 algunos instantes en el terreno de juego luego del impacto. El futbolista habr\u00eda sido consultado sobre su estado y manifest\u00f3 encontrarse bien, aunque posteriormente volvi\u00f3 a ser preguntado por el entrenador de Constituci\u00f3n, que no lo ve\u00eda bien.<\/p>\n\n\n\n<h2 class=\"wp-block-heading\" id=\"p-1788198015160-43421\">El momento que gener\u00f3 preocupaci\u00f3n<\/h2>\n\n\n\n<p id=\"p-1788198015160-70385\">Adem\u00e1s, se pudo saber que luego de aquella situaci\u00f3n, Carrera continu\u00f3 en el campo hasta que finalmente se desplom\u00f3. Fue entonces cuando se gener\u00f3 la preocupaci\u00f3n entre los jugadores, integrantes de los cuerpos t\u00e9cnicos y las personas presentes en el encuentro.<\/p>\n\n\n\n<p id=\"p-1788198015160-77473\">Los testimonios indican que el futbolista permaneci\u00f3 inconsciente durante varios minutos y que, ante la situaci\u00f3n, inmediatamente se solicit\u00f3 la presencia de una ambulancia para que pudiera recibir asistencia m\u00e9dica.<\/p>\n\n\n\n<p id=\"p-1788198025229-90850\">De acuerdo con lo observado en el lugar, jugadores de ambos equipos se acercaron r\u00e1pidamente para auxiliar al futbolista. La intervenci\u00f3n incluy\u00f3 a integrantes tanto de Constituci\u00f3n como de La Bianca, mientras se aguardaba la llegada del servicio de emergencia.<\/p>\n\n\n\n<h2 class=\"wp-block-heading\" id=\"p-1788198025229-39651\">La asistencia dentro de la cancha<\/h2>\n\n\n\n<p id=\"p-1788198025229-88018\">Seg\u00fan se pudo saber, la ambulancia habr\u00eda llegado aproximadamente entre tres y cuatro minutos despu\u00e9s de que se produjera la ca\u00edda. Durante ese lapso, las personas que se encontraban en el campo procuraron asistir al jugador y evitar movimientos innecesarios.<\/p>\n\n\n\n<p id=\"p-1788198025229-27710\">De acuerdo con lo relatado por quienes observaron el episodio, Carrera no reaccionaba inicialmente y por ese motivo se habr\u00eda procurado no movilizarlo demasiado mientras permanec\u00eda tendido en el terreno de juego.<\/p>\n\n\n\n<p id=\"p-1788198025229-51030\">Posteriormente, cuando comenz\u00f3 a reaccionar, los responsables de la asistencia pudieron movilizarlo y finalmente subirlo a la ambulancia para continuar con la atenci\u00f3n correspondiente. La situaci\u00f3n gener\u00f3 preocupaci\u00f3n entre quienes participaban del encuentro y el p\u00fablico presente.<\/p>\n\n\n\n<h2 class=\"wp-block-heading\" id=\"p-1788198025229-25048\">El pedido del club Constituci\u00f3n de Concordia<\/h2>\n\n\n\n<p id=\"p-1788198025229-55803\">Tras lo ocurrido, Constituci\u00f3n difundi\u00f3 una publicaci\u00f3n en sus redes sociales para informar sobre la situaci\u00f3n de su futbolista y pedir acompa\u00f1amiento para su recuperaci\u00f3n, cuyo estado de salud se dar\u00eda a conocer durante la ma\u00f1ana de este lunes.<\/p>\n\n\n\n<p id=\"p-1788198025229-34975\">El club public\u00f3 un mensaje en el que comunic\u00f3 que \u201choy nuestro jugador Carrera Gabriel sufri\u00f3 un golpe donde perdi\u00f3 en conocimiento\u201d y pidi\u00f3 \u201cuna Oraci\u00f3n para su pronta recuperaci\u00f3n y que pueda volver a ser lo que m\u00e1s le gusta\u201d.<\/p>\n\n\n\n<p id=\"p-1788198025229-15304\">En la misma publicaci\u00f3n, la instituci\u00f3n destac\u00f3 el recorrido que hab\u00eda realizado el futbolista y se\u00f1al\u00f3 que \u201cGabi debut\u00f3 este torneo en primera divisi\u00f3n por sus esfuerzos, compromiso y su talento\u201d y remarc\u00f3 que \u201choy necesita nuestra oraci\u00f3n y fuerza\u201d.<\/p>\n\n\n\n<p>Fuente: Diario Uno de Entre R\u00edos<\/p>\n","protected":false},"excerpt":{"rendered":"<p>El futbolista Gabriel Carrera, de Constituci\u00f3n, debi\u00f3 ser asistido luego de sufrir un impacto durante el encuentro ante La Bianca. El club pidi\u00f3 una cadena de oraci\u00f3n por su recuperaci\u00f3n Un momento de preocupaci\u00f3n se vivi\u00f3 durante el partido que disputaron La Bianca y Constituci\u00f3n en Concordia, cuando el jugador de Constituci\u00f3n, Gabriel Carrera, sufri\u00f3 [&hellip;]<\/p>\n","protected":false},"author":5,"featured_media":60342,"comment_status":"open","ping_status":"open","sticky":false,"template":"","format":"standard","meta":{"footnotes":""},"categories":[30,34],"tags":[],"_links":{"self":[{"href":"https:\/\/lt15concordia.com.ar\/index.php\/wp-json\/wp\/v2\/posts\/60341"}],"collection":[{"href":"https:\/\/lt15concordia.com.ar\/index.php\/wp-json\/wp\/v2\/posts"}],"about":[{"href":"https:\/\/lt15concordia.com.ar\/index.php\/wp-json\/wp\/v2\/types\/post"}],"author":[{"embeddable":true,"href":"https:\/\/lt15concordia.com.ar\/index.php\/wp-json\/wp\/v2\/users\/5"}],"replies":[{"embeddable":true,"href":"https:\/\/lt15concordia.com.ar\/index.php\/wp-json\/wp\/v2\/comments?post=60341"}],"version-history":[{"count":1,"href":"https:\/\/lt15concordia.com.ar\/index.php\/wp-json\/wp\/v2\/posts\/60341\/revisions"}],"predecessor-version":[{"id":60344,"href":"https:\/\/lt15concordia.com.ar\/index.php\/wp-json\/wp\/v2\/posts\/60341\/revisions\/60344"}],"wp:featuredmedia":[{"embeddable":true,"href":"https:\/\/lt15concordia.com.ar\/index.php\/wp-json\/wp\/v2\/media\/60342"}],"wp:attachment":[{"href":"https:\/\/lt15concordia.com.ar\/index.php\/wp-json\/wp\/v2\/media?parent=60341"}],"wp:term":[{"taxonomy":"category","embeddable":true,"href":"https:\/\/lt15concordia.com.ar\/index.php\/wp-json\/wp\/v2\/categories?post=60341"},{"taxonomy":"post_tag","embeddable":true,"href":"https:\/\/lt15concordia.com.ar\/index.php\/wp-json\/wp\/v2\/tags?post=60341"}],"curies":[{"name":"wp","href":"https:\/\/api.w.org\/{rel}","templated":true}]}}