{"id":60336,"date":"2026-08-31T16:55:02","date_gmt":"2026-08-31T19:55:02","guid":{"rendered":"https:\/\/lt15concordia.com.ar\/?p=60336"},"modified":"2026-08-31T16:56:51","modified_gmt":"2026-08-31T19:56:51","slug":"entre-rios-avanza-con-el-fin-de-las-pensiones-vitalicias-para-gobernadores-y-vicegobernadores","status":"publish","type":"post","link":"https:\/\/lt15concordia.com.ar\/index.php\/2026\/08\/31\/entre-rios-avanza-con-el-fin-de-las-pensiones-vitalicias-para-gobernadores-y-vicegobernadores\/","title":{"rendered":"Entre R\u00edos avanza con el fin de las pensiones vitalicias para gobernadores y vicegobernadores"},"content":{"rendered":"\n<p><strong>La Legislatura de Entre R\u00edos se encamina a derogar el r\u00e9gimen vigente desde 1965. Frigerio y Aluani ser\u00e1n los primeros alcanzados por la reforma<\/strong><\/p>\n\n\n\n<p id=\"p-1788200718614-804\">Entre R\u00edos dar\u00e1 un nuevo paso en la eliminaci\u00f3n de reg\u00edmenes especiales para la dirigencia pol\u00edtica. La C\u00e1mara de Diputados tiene previsto tratar este mi\u00e9rcoles la derogaci\u00f3n de la Ley N.\u00ba 4.506, que desde hace m\u00e1s de seis d\u00e9cadas establece una pensi\u00f3n vitalicia para quienes hayan ejercido la Gobernaci\u00f3n y la Vicegobernaci\u00f3n de la provincia.<\/p>\n\n\n\n<p>La iniciativa fue presentada por el Poder Ejecutivo, encabezado por Rogelio Frigerio, en enero de 2024, como parte de una serie de proyectos vinculados con la transparencia, la \u00e9tica p\u00fablica, el control del gasto y la eliminaci\u00f3n de privilegios.<\/p>\n\n\n\n<p id=\"p-1788200718614-85313\">Si la C\u00e1mara baja completa el tr\u00e1mite legislativo, la reforma tendr\u00e1 adem\u00e1s un efecto pol\u00edtico particular: Frigerio y la vicegobernadora Alicia Aluani ser\u00e1n las primeras m\u00e1ximas autoridades provinciales cuyos mandatos quedar\u00e1n alcanzados por la eliminaci\u00f3n del r\u00e9gimen.<\/p>\n\n\n\n<h2 class=\"wp-block-heading\" id=\"p-1788200718614-16577\">Un beneficio vigente desde 1965<\/h2>\n\n\n\n<p id=\"p-1788200718614-48192\">La Ley N.\u00ba 4.506 cre\u00f3 un r\u00e9gimen especial para quienes ocuparan los principales cargos del Poder Ejecutivo provincial. Entre sus disposiciones, establece para los beneficiarios un ingreso equivalente al 75% de la remuneraci\u00f3n correspondiente al cargo.<\/p>\n\n\n\n<p id=\"p-1788200718614-71545\">El proyecto enviado por Frigerio propone directamente la derogaci\u00f3n de la norma y fundamenta la decisi\u00f3n en dos argumentos centrales: que las razones hist\u00f3ricas que justificaron la creaci\u00f3n del beneficio quedaron desactualizadas y que su permanencia entra en tensi\u00f3n con los actuales principios de igualdad y \u00e9tica p\u00fablica.<\/p>\n\n\n\n<p id=\"p-1788200718614-25660\">En el mensaje remitido a la Legislatura, el Ejecutivo defini\u00f3 estas prestaciones como un r\u00e9gimen especial cuya continuidad deb\u00eda ser revisada.<\/p>\n\n\n\n<h2 class=\"wp-block-heading\" id=\"p-1788200718614-63800\">M\u00e1s de dos a\u00f1os de debate legislativo<\/h2>\n\n\n\n<p id=\"p-1788200718614-9951\">La eliminaci\u00f3n de las pensiones tuvo un recorrido legislativo m\u00e1s extenso del previsto inicialmente.<\/p>\n\n\n\n<p id=\"p-1788200718614-15156\">La C\u00e1mara de Diputados otorg\u00f3 media sanci\u00f3n al proyecto en abril de 2024. Luego, el debate pas\u00f3 al Senado, donde uno de los principales puntos de discusi\u00f3n estuvo vinculado con el alcance de la reforma y las condiciones para dejar sin efecto beneficios que ya hubieran sido concedidos.<\/p>\n\n\n\n<p id=\"p-1788200718614-1531\">Finalmente, la C\u00e1mara alta modific\u00f3 el proyecto y elimin\u00f3 el art\u00edculo referido a las causales de caducidad. De este modo, el alcance central de la reforma qued\u00f3 proyectado hacia el futuro, sin avanzar sobre los beneficios ya otorgados.<\/p>\n\n\n\n<p id=\"p-1788200718614-4678\">Con esas modificaciones, la iniciativa regres\u00f3 a Diputados para completar su tratamiento.<\/p>\n\n\n\n<h2 class=\"wp-block-heading\" id=\"p-1788200718614-27522\">Frigerio y Aluani, alcanzados por la reforma<\/h2>\n\n\n\n<p id=\"p-1788200718614-82321\">La decisi\u00f3n adquiere una dimensi\u00f3n pol\u00edtica particular porque quienes impulsaron el cambio tambi\u00e9n quedar\u00e1n alcanzados por sus efectos.<\/p>\n\n\n\n<p id=\"p-1788200718614-81280\">Frigerio hab\u00eda vinculado la eliminaci\u00f3n de esta pensi\u00f3n con la situaci\u00f3n previsional de Entre R\u00edos y con la necesidad de que la dirigencia pol\u00edtica diera una se\u00f1al antes de avanzar sobre modificaciones m\u00e1s amplias del sistema.<\/p>\n\n\n\n<p id=\"p-1788200718614-66724\">En ese sentido, el gobernador hab\u00eda sostenido que, frente a la magnitud del d\u00e9ficit de la Caja de Jubilaciones, correspond\u00eda que las m\u00e1ximas autoridades provinciales comenzaran dando ese gesto.<\/p>\n\n\n\n<p id=\"p-1788200718614-58540\">La vicegobernadora Alicia Aluani acompa\u00f1\u00f3 la iniciativa.<\/p>\n\n\n\n<h2 class=\"wp-block-heading\" id=\"p-1788200718614-6548\">Una se\u00f1al en medio del ordenamiento previsional<\/h2>\n\n\n\n<p id=\"p-1788200718614-23734\">La eliminaci\u00f3n del beneficio cobra relevancia en el contexto de las reformas impulsadas para ordenar el sistema previsional entrerriano.<\/p>\n\n\n\n<p id=\"p-1788200718614-18354\">El mensaje pol\u00edtico del Gobierno apunta a que, si el Estado debe revisar estructuras y beneficios para recuperar sustentabilidad, la dirigencia tambi\u00e9n debe formar parte de ese esfuerzo.<\/p>\n\n\n\n<p id=\"p-1788200718614-50110\">El impacto econ\u00f3mico inmediato de la medida ser\u00e1 acotado, ya que se trata de evitar dos futuras pensiones. Su principal alcance, en cambio, es institucional y pol\u00edtico: eliminar un r\u00e9gimen especial para las m\u00e1ximas autoridades provinciales y establecer que quienes ocupen esos cargos no podr\u00e1n acceder al beneficio una vez finalizados sus mandatos.<\/p>\n\n\n\n<p>Fuente: Diario Uno de Entre R\u00edos<\/p>\n","protected":false},"excerpt":{"rendered":"<p>La Legislatura de Entre R\u00edos se encamina a derogar el r\u00e9gimen vigente desde 1965. Frigerio y Aluani ser\u00e1n los primeros alcanzados por la reforma Entre R\u00edos dar\u00e1 un nuevo paso en la eliminaci\u00f3n de reg\u00edmenes especiales para la dirigencia pol\u00edtica. La C\u00e1mara de Diputados tiene previsto tratar este mi\u00e9rcoles la derogaci\u00f3n de la Ley N.\u00ba [&hellip;]<\/p>\n","protected":false},"author":5,"featured_media":60338,"comment_status":"open","ping_status":"open","sticky":false,"template":"","format":"standard","meta":{"footnotes":""},"categories":[37],"tags":[],"_links":{"self":[{"href":"https:\/\/lt15concordia.com.ar\/index.php\/wp-json\/wp\/v2\/posts\/60336"}],"collection":[{"href":"https:\/\/lt15concordia.com.ar\/index.php\/wp-json\/wp\/v2\/posts"}],"about":[{"href":"https:\/\/lt15concordia.com.ar\/index.php\/wp-json\/wp\/v2\/types\/post"}],"author":[{"embeddable":true,"href":"https:\/\/lt15concordia.com.ar\/index.php\/wp-json\/wp\/v2\/users\/5"}],"replies":[{"embeddable":true,"href":"https:\/\/lt15concordia.com.ar\/index.php\/wp-json\/wp\/v2\/comments?post=60336"}],"version-history":[{"count":1,"href":"https:\/\/lt15concordia.com.ar\/index.php\/wp-json\/wp\/v2\/posts\/60336\/revisions"}],"predecessor-version":[{"id":60339,"href":"https:\/\/lt15concordia.com.ar\/index.php\/wp-json\/wp\/v2\/posts\/60336\/revisions\/60339"}],"wp:featuredmedia":[{"embeddable":true,"href":"https:\/\/lt15concordia.com.ar\/index.php\/wp-json\/wp\/v2\/media\/60338"}],"wp:attachment":[{"href":"https:\/\/lt15concordia.com.ar\/index.php\/wp-json\/wp\/v2\/media?parent=60336"}],"wp:term":[{"taxonomy":"category","embeddable":true,"href":"https:\/\/lt15concordia.com.ar\/index.php\/wp-json\/wp\/v2\/categories?post=60336"},{"taxonomy":"post_tag","embeddable":true,"href":"https:\/\/lt15concordia.com.ar\/index.php\/wp-json\/wp\/v2\/tags?post=60336"}],"curies":[{"name":"wp","href":"https:\/\/api.w.org\/{rel}","templated":true}]}}