{"id":60331,"date":"2026-08-31T16:43:17","date_gmt":"2026-08-31T19:43:17","guid":{"rendered":"https:\/\/lt15concordia.com.ar\/?p=60331"},"modified":"2026-08-31T16:44:08","modified_gmt":"2026-08-31T19:44:08","slug":"se-llevara-adelante-el-iii-congreso-pedagogico-concordia","status":"publish","type":"post","link":"https:\/\/lt15concordia.com.ar\/index.php\/2026\/08\/31\/se-llevara-adelante-el-iii-congreso-pedagogico-concordia\/","title":{"rendered":"Se llevar\u00e1 adelante el III Congreso Pedag\u00f3gico Concordia"},"content":{"rendered":"\n<p><strong>La Municipalidad de Concordia, a trav\u00e9s de la Subsecretar\u00eda de Educaci\u00f3n y Cultura, llevar\u00e1 adelante el III Congreso Pedag\u00f3gico Concordia, una iniciativa que forma parte de las acciones que la gesti\u00f3n del intendente Dr. Francisco Azcu\u00e9 viene impulsando en materia educativa, con el objetivo de generar espacios de formaci\u00f3n, capacitaci\u00f3n, reflexi\u00f3n e intercambio para quienes forman parte de la comunidad educativa. El encuentro se desarrollar\u00e1 bajo el lema \u201cNuevas Escenas para Educar: V\u00ednculos, emociones y tecnolog\u00edas para aprender y convivir\u201d, el mi\u00e9rcoles 16 de septiembre en el Centro de Convenciones Concordia.<\/strong><br>\u00a0<\/p>\n\n\n\n<p>La propuesta est\u00e1 destinada a docentes de todos los niveles educativos, equipos directivos, supervisores, estudiantes de formaci\u00f3n docente y equipos t\u00e9cnicos de organismos jurisdiccionales y municipales, con el prop\u00f3sito de generar un espacio de actualizaci\u00f3n y reflexi\u00f3n sobre algunas de las principales transformaciones y desaf\u00edos que atraviesa actualmente la educaci\u00f3n.<br>\u00a0<br><strong>UNA MIRADA INTEGRAL SOBRE LOS NUEVOS DESAF\u00cdOS DE LA EDUCACI\u00d3N<\/strong><br>\u00a0<br>Esta tercera edici\u00f3n del Congreso Pedag\u00f3gico propone abordar la educaci\u00f3n desde una mirada integral, reconociendo que las aulas y las instituciones educativas se encuentran atravesadas por nuevas realidades que requieren herramientas, conocimientos y espacios de di\u00e1logo.<br>\u00a0<br>Los v\u00ednculos, las emociones y las tecnolog\u00edas ser\u00e1n los grandes ejes que atravesar\u00e1n las diferentes exposiciones, con especialistas que abordar\u00e1n cuestiones como las trayectorias educativas, el impacto de las pantallas en los procesos de aprendizaje, la incorporaci\u00f3n de la Inteligencia Artificial en las aulas, los juegos online y la ludopat\u00eda, el bienestar emocional de los docentes, el bullying y la convivencia escolar, y la comunicaci\u00f3n corporal.<br>\u00a0<br>De esta manera, el Congreso busca ofrecer herramientas concretas, pero tambi\u00e9n generar preguntas y debates que permitan pensar colectivamente c\u00f3mo acompa\u00f1ar a los estudiantes y a los docentes frente a los escenarios que plantea la educaci\u00f3n contempor\u00e1nea.<br>\u00a0<br>\u201cEste Congreso representa una oportunidad para encontrarnos, escucharnos y pensar juntos la educaci\u00f3n que necesitan nuestros estudiantes y nuestras comunidades. Desde la Municipalidad entendemos que fortalecer la educaci\u00f3n tambi\u00e9n implica generar espacios de formaci\u00f3n y debate, donde podamos incorporar nuevas herramientas y, al mismo tiempo, recuperar el valor de los v\u00ednculos, las emociones y el encuentro humano\u201d, expresaron desde la Subsecretaria de Educaci\u00f3n y Cultura.<br>\u00a0<br><strong>UNA JORNADA CON DESTACADOS ESPECIALISTAS<\/strong><br>\u00a0<br>El III Congreso Pedag\u00f3gico Concordia contar\u00e1 con la participaci\u00f3n de seis destacados profesionales, quienes ofrecer\u00e1n diferentes conferencias a lo largo de la jornada.<br>\u00a0<br>Durante el turno ma\u00f1ana, Carlos Sigvardt, Licenciado en Educaci\u00f3n, ser\u00e1 el encargado de abrir el ciclo de disertaciones con la propuesta \u201cDe la pantalla al coraz\u00f3n: desaf\u00edos actuales en las trayectorias y los aprendizajes de los estudiantes\u201d.<br>\u00a0<br>Luego ser\u00e1 el turno de Lorena Guglielmone, Doctora en Educaci\u00f3n por la Universidad Nacional de Entre R\u00edos, Mag\u00edster en Procesos Educativos Mediados por Tecnolog\u00edas por la Universidad Nacional de C\u00f3rdoba, Licenciada en Inform\u00e1tica Educativa por la Universidad Nacional de Lan\u00fas y Programadora de Sistemas por la Universidad Nacional de Entre R\u00edos, quien abordar\u00e1 Inteligencia Artificial en el aula: oportunidades, decisiones y desaf\u00edos para ense\u00f1ar y aprender\u201d.<br>\u00a0<br>La ma\u00f1ana finalizar\u00e1 con la exposici\u00f3n de Roberto Canay, Doctor en Psicolog\u00eda de la Universidad del Salvador, Mag\u00edster en Salud Mental Comunitaria de la Universidad de Cagliari, Italia, y Especialista en Tratamiento Comunitario de las Adicciones de la Universidad de Para\u00edba, Brasil, quien desarrollar\u00e1 la tem\u00e1tica \u201cJuegos online y ludopat\u00eda: una problem\u00e1tica emergente que interpela a la escuela\u201d.<br>\u00a0<br>Por la tarde, Luciana Turinetto, Licenciada en Psicolog\u00eda, presentar\u00e1 \u201cDocentes que dejan huellas: bienestar emocional y el poder transformador de educar\u201d, una propuesta centrada en la dimensi\u00f3n emocional y humana de la tarea docente.<br>\u00a0<br>A continuaci\u00f3n, Pablo Mainer, fundador de Hablemos de Bullying y referente de la Alianza Anti-Bullying Argentina, abordar\u00e1 \u201cBullying: comprender, prevenir y transformar la convivencia escolar\u201d, poniendo el foco en una problem\u00e1tica que interpela cotidianamente a las comunidades educativas.<br>\u00a0<br>Finalmente, Ivana P\u00e9rez, Licenciada en Kinesiolog\u00eda, RPG Coach en Salud y Bienestar y Trainer en PNL, cerrar\u00e1 la jornada con la conferencia \u201cEl cuerpo tambi\u00e9n habla: lo que las posturas corporales comunican\u201d.<br>\u00a0<br><strong>INSCRIPCIONES Y TODA LA INFORMACI\u00d3N DEL CONGRESO<\/strong><br>\u00a0<br>Las inscripciones online estar\u00e1n habilitadas los d\u00edas 7, 8 y 9\u00a0 de septiembre. El formulario de inscripci\u00f3n ser\u00e1 difundido a trav\u00e9s de la cuenta oficial de Instagram de la Subsecretar\u00eda de Educaci\u00f3n y Cultura, @concordia.educaci\u00f3n, donde tambi\u00e9n se ir\u00e1 publicando toda la informaci\u00f3n vinculada al Congreso, incluyendo novedades, detalles de la programaci\u00f3n y aspectos organizativos.<br>\u00a0<br>Desde la organizaci\u00f3n se invita a los interesados a seguir dicha cuenta para acceder al formulario y mantenerse informados sobre todas las novedades de esta tercera edici\u00f3n.<br>\u00a0<br><strong>UNA INICIATIVA QUE BUSCA CONSOLIDARSE<\/strong><br>\u00a0<br>El III Congreso Pedag\u00f3gico Concordia forma parte de una pol\u00edtica impulsada por la Municipalidad de Concordia, a trav\u00e9s de la Subsecretar\u00eda de Educaci\u00f3n y Cultura, que busca promover espacios de formaci\u00f3n, actualizaci\u00f3n y encuentro destinados a quienes tienen un rol fundamental en los procesos educativos.<br>\u00a0<br>Luego de las experiencias desarrolladas en las ediciones anteriores, esta tercera edici\u00f3n busca profundizar ese camino y ampliar la mirada sobre los desaf\u00edos que atraviesan actualmente a las escuelas y a quienes las integran.<br>\u00a0<br>\u201cNuevas Escenas para Educar\u201d invita, justamente, a mirar esas transformaciones, comprenderlas y generar herramientas para acompa\u00f1arlas. Porque educar hoy implica no solamente ense\u00f1ar contenidos, sino tambi\u00e9n construir v\u00ednculos, cuidar las emociones, comprender las nuevas formas de aprender y utilizar responsablemente las tecnolog\u00edas.<\/p>\n\n\n\n<p>Fuente: Municipalidad de Concordia <\/p>\n","protected":false},"excerpt":{"rendered":"<p>La Municipalidad de Concordia, a trav\u00e9s de la Subsecretar\u00eda de Educaci\u00f3n y Cultura, llevar\u00e1 adelante el III Congreso Pedag\u00f3gico Concordia, una iniciativa que forma parte de las acciones que la gesti\u00f3n del intendente Dr. Francisco Azcu\u00e9 viene impulsando en materia educativa, con el objetivo de generar espacios de formaci\u00f3n, capacitaci\u00f3n, reflexi\u00f3n e intercambio para quienes [&hellip;]<\/p>\n","protected":false},"author":5,"featured_media":60332,"comment_status":"open","ping_status":"open","sticky":false,"template":"","format":"standard","meta":{"footnotes":""},"categories":[30],"tags":[],"_links":{"self":[{"href":"https:\/\/lt15concordia.com.ar\/index.php\/wp-json\/wp\/v2\/posts\/60331"}],"collection":[{"href":"https:\/\/lt15concordia.com.ar\/index.php\/wp-json\/wp\/v2\/posts"}],"about":[{"href":"https:\/\/lt15concordia.com.ar\/index.php\/wp-json\/wp\/v2\/types\/post"}],"author":[{"embeddable":true,"href":"https:\/\/lt15concordia.com.ar\/index.php\/wp-json\/wp\/v2\/users\/5"}],"replies":[{"embeddable":true,"href":"https:\/\/lt15concordia.com.ar\/index.php\/wp-json\/wp\/v2\/comments?post=60331"}],"version-history":[{"count":1,"href":"https:\/\/lt15concordia.com.ar\/index.php\/wp-json\/wp\/v2\/posts\/60331\/revisions"}],"predecessor-version":[{"id":60333,"href":"https:\/\/lt15concordia.com.ar\/index.php\/wp-json\/wp\/v2\/posts\/60331\/revisions\/60333"}],"wp:featuredmedia":[{"embeddable":true,"href":"https:\/\/lt15concordia.com.ar\/index.php\/wp-json\/wp\/v2\/media\/60332"}],"wp:attachment":[{"href":"https:\/\/lt15concordia.com.ar\/index.php\/wp-json\/wp\/v2\/media?parent=60331"}],"wp:term":[{"taxonomy":"category","embeddable":true,"href":"https:\/\/lt15concordia.com.ar\/index.php\/wp-json\/wp\/v2\/categories?post=60331"},{"taxonomy":"post_tag","embeddable":true,"href":"https:\/\/lt15concordia.com.ar\/index.php\/wp-json\/wp\/v2\/tags?post=60331"}],"curies":[{"name":"wp","href":"https:\/\/api.w.org\/{rel}","templated":true}]}}